{"id":3907,"date":"2026-04-29T09:01:40","date_gmt":"2026-04-29T07:01:40","guid":{"rendered":"\/web\/?p=3907"},"modified":"2026-04-29T09:01:43","modified_gmt":"2026-04-29T07:01:43","slug":"cooperative-canalis-dopo-la-sentenza-del-tar-cirio-non-faccia-come-ponzio-pilato","status":"publish","type":"post","link":"\/web\/2026\/04\/29\/cooperative-canalis-dopo-la-sentenza-del-tar-cirio-non-faccia-come-ponzio-pilato\/","title":{"rendered":"COOPERATIVE. CANALIS: DOPO LA SENTENZA DEL TAR, CIRIO NON FACCIA COME PONZIO PILATO."},"content":{"rendered":"\n<p><em>I bonus non salvano i posti di lavoro: il sistema socio sanitario piemontese si salva solo adeguando le tariffe.<\/em><\/p>\n\n\n\n<p>28.4.2026 \u2013 La sentenza del TAR del Piemonte del 17&nbsp;aprile&nbsp;scorso, sull&#8217;<strong>aumento delle tariffe per i servizi residenziali e semi residenziali<\/strong>&nbsp;della disabilit\u00e0 nel comune di Torino, ha aperto una diga. Ora non solo il comune di Torino dovr\u00e0 aggiornare le tariffe per la quota sociale di propria competenza, ma anche la Regione dovr\u00e0 aggiornare quelle della quota sanitaria, ritoccate in modo insufficiente nel 2024 alla vigilia delle elezioni regionali.<\/p>\n\n\n\n<p>Speravo che&nbsp;oggi, nel rispondere al mio Question Time sulla materia, la Giunta Cirio facesse uscire dal limbo il Tavolo regionale di adeguamento delle tariffe dei servizi socio sanitari, ma cos\u00ec non \u00e8 stato. Continuano a disattendere l\u2019impegno preso nella DGR n. 38-8654 del 27.05.2024 di adeguare le tariffe della quota sanitaria dei servizi residenziali e semi residenziali fino al 10%, alla luce dell\u2019intervenuto aumento del costo del lavoro.<\/p>\n\n\n\n<p>La Sentenza dice chiaramente che l\u2019adeguamento tariffario avrebbe dovuto essere adattato all\u2019effettivo aumento del costo della manodopera (stimato tra l\u201911 ed il 15%), che costituirebbe il principale costo dei servizi in questione, non essendo altrimenti sufficiente a garantire nemmeno la copertura del costo di produzione e quindi ad assicurare anche la qualit\u00e0 dei servizi offerti e aggiunge che sarebbe contraddittorio richiedere il rispetto del CCNL da parte dei soggetti accreditati, ma non assicurare una remunerazione sufficiente a garantirlo.<\/p>\n\n\n\n<p>L\u2019aumento del 3,5% riconosciuto dalla Regione nel 2024 per la quota sanitaria \u00e8 pertanto stato dichiarato insufficiente.<\/p>\n\n\n\n<p>Anche di fronte a queste parole messe nero su bianco dal TAR, la Giunta Cirio continua a sostenere che i bonus sono la soluzione, ma i bonus per lo natura non salvano i posti di lavoro, essendo temporanei e non universalistici.<\/p>\n\n\n\n<p>Non si capisce se la Giunta Cirio sta scientemente perseguendo il crollo del sistema socio sanitario piemontese, basato prevalentemente su enti no profit che danno lavoro a decine di miglia di operatori e che rischiano di chiudere, oppure se intenda continuare a gettare fumo negli occhi con una serie di bonus non risolutivi.<\/p>\n\n\n\n<p>In Piemonte la filiera della residenzialit\u00e0 e della semi residenzialit\u00e0 d\u00e0 assistenza e cura a oltre 50.000 piemontesi (anziani, minori, persone con disabilit\u00e0, dipendenze e problemi di salute mentale) e lavoro diretto a oltre 35.000 operatori sanitari, socio-sanitari, educativi e ausiliari.<\/p>\n\n\n\n<p>Basta con i bonus sociali una tantum. La sanit\u00e0 si faccia carico con responsabilit\u00e0 delle strutture residenziali e semi residenziali o presto tante cooperative e strutture chiuderanno, lasciando scoperti i lavoratori e gli utenti pi\u00f9 fragili.<\/p>\n\n\n\n<p>Il &#8220;Patto per il Welfare innovativo e sostenibile&#8221; del&nbsp;febbraio&nbsp;2024&nbsp;non \u00e8 mai stato realmente attuato.<\/p>\n\n\n\n<p><strong>Monica CANALIS \u2013 consigliera regionale PD<\/strong><\/p>\n","protected":false},"excerpt":{"rendered":"<p>I bonus non salvano i posti di lavoro: il sistema socio sanitario piemontese si salva solo adeguando le tariffe. 28.4.2026 \u2013 La sentenza del TAR del Piemonte del 17&nbsp;aprile&nbsp;scorso, sull&#8217;aumento delle tariffe per i servizi residenziali e semi residenziali&nbsp;della disabilit\u00e0 nel comune di Torino, ha aperto una diga. Ora non solo il comune di Torino [&hellip;]<\/p>\n","protected":false},"author":100,"featured_media":0,"comment_status":"closed","ping_status":"closed","sticky":false,"template":"","format":"standard","meta":[],"categories":[4,3,58],"tags":[76],"yoast_head":"<!-- This site is optimized with the Yoast SEO plugin v19.12 - https:\/\/yoast.com\/wordpress\/plugins\/seo\/ -->\n<title>COOPERATIVE. CANALIS: DOPO LA SENTENZA DEL TAR, CIRIO NON FACCIA COME PONZIO PILATO. - Partito Democratico<\/title>\n<meta name=\"robots\" content=\"index, follow, max-snippet:-1, max-image-preview:large, max-video-preview:-1\" \/>\n<link rel=\"canonical\" href=\"\/web\/2026\/04\/29\/cooperative-canalis-dopo-la-sentenza-del-tar-cirio-non-faccia-come-ponzio-pilato\/\" \/>\n<meta property=\"og:locale\" content=\"it_IT\" \/>\n<meta property=\"og:type\" content=\"article\" \/>\n<meta property=\"og:title\" content=\"COOPERATIVE. CANALIS: DOPO LA SENTENZA DEL TAR, CIRIO NON FACCIA COME PONZIO PILATO. - Partito Democratico\" \/>\n<meta property=\"og:description\" content=\"I bonus non salvano i posti di lavoro: il sistema socio sanitario piemontese si salva solo adeguando le tariffe. 28.4.2026 \u2013 La sentenza del TAR del Piemonte del 17&nbsp;aprile&nbsp;scorso, sull&#8217;aumento delle tariffe per i servizi residenziali e semi residenziali&nbsp;della disabilit\u00e0 nel comune di Torino, ha aperto una diga. Ora non solo il comune di Torino [&hellip;]\" \/>\n<meta property=\"og:url\" content=\"\/web\/2026\/04\/29\/cooperative-canalis-dopo-la-sentenza-del-tar-cirio-non-faccia-come-ponzio-pilato\/\" \/>\n<meta property=\"og:site_name\" content=\"Partito Democratico\" \/>\n<meta property=\"article:published_time\" content=\"2026-04-29T07:01:40+00:00\" \/>\n<meta property=\"article:modified_time\" content=\"2026-04-29T07:01:43+00:00\" \/>\n<meta name=\"author\" content=\"apuglisi\" \/>\n<meta name=\"twitter:label1\" content=\"Scritto da\" \/>\n\t<meta name=\"twitter:data1\" content=\"apuglisi\" \/>\n\t<meta name=\"twitter:label2\" content=\"Tempo di lettura stimato\" \/>\n\t<meta name=\"twitter:data2\" content=\"2 minuti\" \/>\n<script type=\"application\/ld+json\" class=\"yoast-schema-graph\">{\"@context\":\"https:\/\/schema.org\",\"@graph\":[{\"@type\":\"WebPage\",\"@id\":\"\/web\/2026\/04\/29\/cooperative-canalis-dopo-la-sentenza-del-tar-cirio-non-faccia-come-ponzio-pilato\/\",\"url\":\"\/web\/2026\/04\/29\/cooperative-canalis-dopo-la-sentenza-del-tar-cirio-non-faccia-come-ponzio-pilato\/\",\"name\":\"COOPERATIVE. CANALIS: DOPO LA SENTENZA DEL TAR, CIRIO NON FACCIA COME PONZIO PILATO. - Partito Democratico\",\"isPartOf\":{\"@id\":\"\/web\/#website\"},\"datePublished\":\"2026-04-29T07:01:40+00:00\",\"dateModified\":\"2026-04-29T07:01:43+00:00\",\"author\":{\"@id\":\"\/web\/#\/schema\/person\/0c13e972954f051ef0b6604dcdcd093a\"},\"breadcrumb\":{\"@id\":\"\/web\/2026\/04\/29\/cooperative-canalis-dopo-la-sentenza-del-tar-cirio-non-faccia-come-ponzio-pilato\/#breadcrumb\"},\"inLanguage\":\"it-IT\",\"potentialAction\":[{\"@type\":\"ReadAction\",\"target\":[\"\/web\/2026\/04\/29\/cooperative-canalis-dopo-la-sentenza-del-tar-cirio-non-faccia-come-ponzio-pilato\/\"]}]},{\"@type\":\"BreadcrumbList\",\"@id\":\"\/web\/2026\/04\/29\/cooperative-canalis-dopo-la-sentenza-del-tar-cirio-non-faccia-come-ponzio-pilato\/#breadcrumb\",\"itemListElement\":[{\"@type\":\"ListItem\",\"position\":1,\"name\":\"Home\",\"item\":\"\/web\/\"},{\"@type\":\"ListItem\",\"position\":2,\"name\":\"COOPERATIVE. CANALIS: DOPO LA SENTENZA DEL TAR, CIRIO NON FACCIA COME PONZIO PILATO.\"}]},{\"@type\":\"WebSite\",\"@id\":\"\/web\/#website\",\"url\":\"\/web\/\",\"name\":\"Partito Democratico\",\"description\":\"\",\"potentialAction\":[{\"@type\":\"SearchAction\",\"target\":{\"@type\":\"EntryPoint\",\"urlTemplate\":\"\/web\/?s={search_term_string}\"},\"query-input\":\"required name=search_term_string\"}],\"inLanguage\":\"it-IT\"},{\"@type\":\"Person\",\"@id\":\"\/web\/#\/schema\/person\/0c13e972954f051ef0b6604dcdcd093a\",\"name\":\"apuglisi\",\"image\":{\"@type\":\"ImageObject\",\"inLanguage\":\"it-IT\",\"@id\":\"\/web\/#\/schema\/person\/image\/\",\"url\":\"http:\/\/2.gravatar.com\/avatar\/8f77005929681ecacb724a762adbc06b?s=96&d=mm&r=g\",\"contentUrl\":\"http:\/\/2.gravatar.com\/avatar\/8f77005929681ecacb724a762adbc06b?s=96&d=mm&r=g\",\"caption\":\"apuglisi\"},\"url\":\"\/web\/author\/apuglisi\/\"}]}<\/script>\n<!-- \/ Yoast SEO plugin. -->","yoast_head_json":{"title":"COOPERATIVE. CANALIS: DOPO LA SENTENZA DEL TAR, CIRIO NON FACCIA COME PONZIO PILATO. - Partito Democratico","robots":{"index":"index","follow":"follow","max-snippet":"max-snippet:-1","max-image-preview":"max-image-preview:large","max-video-preview":"max-video-preview:-1"},"canonical":"\/web\/2026\/04\/29\/cooperative-canalis-dopo-la-sentenza-del-tar-cirio-non-faccia-come-ponzio-pilato\/","og_locale":"it_IT","og_type":"article","og_title":"COOPERATIVE. CANALIS: DOPO LA SENTENZA DEL TAR, CIRIO NON FACCIA COME PONZIO PILATO. - Partito Democratico","og_description":"I bonus non salvano i posti di lavoro: il sistema socio sanitario piemontese si salva solo adeguando le tariffe. 28.4.2026 \u2013 La sentenza del TAR del Piemonte del 17&nbsp;aprile&nbsp;scorso, sull&#8217;aumento delle tariffe per i servizi residenziali e semi residenziali&nbsp;della disabilit\u00e0 nel comune di Torino, ha aperto una diga. Ora non solo il comune di Torino [&hellip;]","og_url":"\/web\/2026\/04\/29\/cooperative-canalis-dopo-la-sentenza-del-tar-cirio-non-faccia-come-ponzio-pilato\/","og_site_name":"Partito Democratico","article_published_time":"2026-04-29T07:01:40+00:00","article_modified_time":"2026-04-29T07:01:43+00:00","author":"apuglisi","twitter_misc":{"Scritto da":"apuglisi","Tempo di lettura stimato":"2 minuti"},"schema":{"@context":"https:\/\/schema.org","@graph":[{"@type":"WebPage","@id":"\/web\/2026\/04\/29\/cooperative-canalis-dopo-la-sentenza-del-tar-cirio-non-faccia-come-ponzio-pilato\/","url":"\/web\/2026\/04\/29\/cooperative-canalis-dopo-la-sentenza-del-tar-cirio-non-faccia-come-ponzio-pilato\/","name":"COOPERATIVE. CANALIS: DOPO LA SENTENZA DEL TAR, CIRIO NON FACCIA COME PONZIO PILATO. - Partito Democratico","isPartOf":{"@id":"\/web\/#website"},"datePublished":"2026-04-29T07:01:40+00:00","dateModified":"2026-04-29T07:01:43+00:00","author":{"@id":"\/web\/#\/schema\/person\/0c13e972954f051ef0b6604dcdcd093a"},"breadcrumb":{"@id":"\/web\/2026\/04\/29\/cooperative-canalis-dopo-la-sentenza-del-tar-cirio-non-faccia-come-ponzio-pilato\/#breadcrumb"},"inLanguage":"it-IT","potentialAction":[{"@type":"ReadAction","target":["\/web\/2026\/04\/29\/cooperative-canalis-dopo-la-sentenza-del-tar-cirio-non-faccia-come-ponzio-pilato\/"]}]},{"@type":"BreadcrumbList","@id":"\/web\/2026\/04\/29\/cooperative-canalis-dopo-la-sentenza-del-tar-cirio-non-faccia-come-ponzio-pilato\/#breadcrumb","itemListElement":[{"@type":"ListItem","position":1,"name":"Home","item":"\/web\/"},{"@type":"ListItem","position":2,"name":"COOPERATIVE. CANALIS: DOPO LA SENTENZA DEL TAR, CIRIO NON FACCIA COME PONZIO PILATO."}]},{"@type":"WebSite","@id":"\/web\/#website","url":"\/web\/","name":"Partito Democratico","description":"","potentialAction":[{"@type":"SearchAction","target":{"@type":"EntryPoint","urlTemplate":"\/web\/?s={search_term_string}"},"query-input":"required name=search_term_string"}],"inLanguage":"it-IT"},{"@type":"Person","@id":"\/web\/#\/schema\/person\/0c13e972954f051ef0b6604dcdcd093a","name":"apuglisi","image":{"@type":"ImageObject","inLanguage":"it-IT","@id":"\/web\/#\/schema\/person\/image\/","url":"http:\/\/2.gravatar.com\/avatar\/8f77005929681ecacb724a762adbc06b?s=96&d=mm&r=g","contentUrl":"http:\/\/2.gravatar.com\/avatar\/8f77005929681ecacb724a762adbc06b?s=96&d=mm&r=g","caption":"apuglisi"},"url":"\/web\/author\/apuglisi\/"}]}},"_links":{"self":[{"href":"\/web\/wp-json\/wp\/v2\/posts\/3907"}],"collection":[{"href":"\/web\/wp-json\/wp\/v2\/posts"}],"about":[{"href":"\/web\/wp-json\/wp\/v2\/types\/post"}],"author":[{"embeddable":true,"href":"\/web\/wp-json\/wp\/v2\/users\/100"}],"replies":[{"embeddable":true,"href":"\/web\/wp-json\/wp\/v2\/comments?post=3907"}],"version-history":[{"count":1,"href":"\/web\/wp-json\/wp\/v2\/posts\/3907\/revisions"}],"predecessor-version":[{"id":3908,"href":"\/web\/wp-json\/wp\/v2\/posts\/3907\/revisions\/3908"}],"wp:attachment":[{"href":"\/web\/wp-json\/wp\/v2\/media?parent=3907"}],"wp:term":[{"taxonomy":"category","embeddable":true,"href":"\/web\/wp-json\/wp\/v2\/categories?post=3907"},{"taxonomy":"post_tag","embeddable":true,"href":"\/web\/wp-json\/wp\/v2\/tags?post=3907"}],"curies":[{"name":"wp","href":"https:\/\/api.w.org\/{rel}","templated":true}]}}