{"id":3901,"date":"2026-04-28T12:00:33","date_gmt":"2026-04-28T10:00:33","guid":{"rendered":"\/web\/?p=3901"},"modified":"2026-04-28T12:00:35","modified_gmt":"2026-04-28T10:00:35","slug":"pompeo-bene-lintervento-della-fondazione-crt-ma-la-regione-non-puo-continuare-a-disinvestire-sulla-cultura","status":"publish","type":"post","link":"\/web\/2026\/04\/28\/pompeo-bene-lintervento-della-fondazione-crt-ma-la-regione-non-puo-continuare-a-disinvestire-sulla-cultura\/","title":{"rendered":"Pompeo: \u201cBene l\u2019intervento della Fondazione CRT, ma la Regione non pu\u00f2 continuare a disinvestire sulla cultura\u201d"},"content":{"rendered":"\n<p>28 aprile 2026&nbsp;&#8211; \u201cLa notizia dell\u2019intervento della Fondazione CRT con fondi propri \u00e8 un sollievo per decine di realt\u00e0 culturali che rischiavano di non sopravvivere al taglio dei contributi regionali. Ma non possiamo affidarci alla generosit\u00e0 delle fondazioni per coprire i vuoti lasciati dalla politica. Ho pi\u00f9 volte denunciato i tagli ai finanziamenti alla cultura e l\u2019abbandono a se stesse di tante realt\u00e0 attive nel settore dello spettacolo dal vivo, presidi culturali di grande importanza, ma sono rimasta inascoltata\u201d afferma la&nbsp;<strong>Consigliera regionale del Partito Democratico Laura Pompeo<\/strong>.<\/p>\n\n\n\n<p>\u201cIl vero problema non \u00e8 solo la quantit\u00e0 dei fondi, ma la loro distribuzione e la capacit\u00e0 della Regione di garantire continuit\u00e0 e stabilit\u00e0 al settore. La cultura non pu\u00f2 vivere nell\u2019incertezza, n\u00e9 essere trattata come un capitolo residuale del bilancio. I 4 milioni di euro messi a disposizione dalla Fondazione CRT per sostenere le realt\u00e0 escluse sono importanti e dimostrano, ancora una volta, che il sistema delle fondazioni bancarie gioca un ruolo fondamentale per il Piemonte. Tuttavia la responsabilit\u00e0 di garantire la sopravvivenza del nostro tessuto culturale deve essere della Regione\u201d precisala&nbsp;<strong>Consigliera regionale Pd<\/strong>.<\/p>\n\n\n\n<p>\u201cHo sollecitato l\u2019Assessore regionale alla Cultura Chiarelli, chiedendo di incrementare i fondi e di procedere a una revisione dei&nbsp;meccanismi di selezione. Occorrono pi\u00f9 risorse e maggiore trasparenza. Troppe realt\u00e0 storiche, che da anni lavorano sul territorio, si sono viste escluse senza un percorso chiaro di accompagnamento o di valutazione condivisa. \u00c8 necessario un confronto aperto con operatori, amministrazioni locali e associazioni.&nbsp;La cultura \u00e8 un investimento, non un costo\u201d precisa<strong>&nbsp;Laura Pompeo.<\/strong><\/p>\n\n\n\n<p>\u201cIl Piemonte possiede un patrimonio culturale straordinario, fatto di compagnie, festival, musei, presidi territoriali che generano lavoro, comunit\u00e0 e identit\u00e0. Tagliare o comprimere questi spazi significa indebolire la nostra comunit\u00e0. La Giunta deve assumersi la responsabilit\u00e0 politica di sostenere il settore, non delegarla ad altri\u201d conclude la&nbsp;<strong>Consigliera Pompeo.<\/strong><\/p>\n","protected":false},"excerpt":{"rendered":"<p>28 aprile 2026&nbsp;&#8211; \u201cLa notizia dell\u2019intervento della Fondazione CRT con fondi propri \u00e8 un sollievo per decine di realt\u00e0 culturali che rischiavano di non sopravvivere al taglio dei contributi regionali. Ma non possiamo affidarci alla generosit\u00e0 delle fondazioni per coprire i vuoti lasciati dalla politica. Ho pi\u00f9 volte denunciato i tagli ai finanziamenti alla cultura [&hellip;]<\/p>\n","protected":false},"author":100,"featured_media":0,"comment_status":"closed","ping_status":"closed","sticky":false,"template":"","format":"standard","meta":[],"categories":[4,65],"tags":[92],"yoast_head":"<!-- This site is optimized with the Yoast SEO plugin v19.12 - https:\/\/yoast.com\/wordpress\/plugins\/seo\/ -->\n<title>Pompeo: \u201cBene l\u2019intervento della Fondazione CRT, ma la Regione non pu\u00f2 continuare a disinvestire sulla cultura\u201d - Partito Democratico<\/title>\n<meta name=\"robots\" content=\"index, follow, max-snippet:-1, max-image-preview:large, max-video-preview:-1\" \/>\n<link rel=\"canonical\" href=\"\/web\/2026\/04\/28\/pompeo-bene-lintervento-della-fondazione-crt-ma-la-regione-non-puo-continuare-a-disinvestire-sulla-cultura\/\" \/>\n<meta property=\"og:locale\" content=\"it_IT\" \/>\n<meta property=\"og:type\" content=\"article\" \/>\n<meta property=\"og:title\" content=\"Pompeo: \u201cBene l\u2019intervento della Fondazione CRT, ma la Regione non pu\u00f2 continuare a disinvestire sulla cultura\u201d - Partito Democratico\" \/>\n<meta property=\"og:description\" content=\"28 aprile 2026&nbsp;&#8211; \u201cLa notizia dell\u2019intervento della Fondazione CRT con fondi propri \u00e8 un sollievo per decine di realt\u00e0 culturali che rischiavano di non sopravvivere al taglio dei contributi regionali. Ma non possiamo affidarci alla generosit\u00e0 delle fondazioni per coprire i vuoti lasciati dalla politica. Ho pi\u00f9 volte denunciato i tagli ai finanziamenti alla cultura [&hellip;]\" \/>\n<meta property=\"og:url\" content=\"\/web\/2026\/04\/28\/pompeo-bene-lintervento-della-fondazione-crt-ma-la-regione-non-puo-continuare-a-disinvestire-sulla-cultura\/\" \/>\n<meta property=\"og:site_name\" content=\"Partito Democratico\" \/>\n<meta property=\"article:published_time\" content=\"2026-04-28T10:00:33+00:00\" \/>\n<meta property=\"article:modified_time\" content=\"2026-04-28T10:00:35+00:00\" \/>\n<meta name=\"author\" content=\"apuglisi\" \/>\n<meta name=\"twitter:label1\" content=\"Scritto da\" \/>\n\t<meta name=\"twitter:data1\" content=\"apuglisi\" \/>\n\t<meta name=\"twitter:label2\" content=\"Tempo di lettura stimato\" \/>\n\t<meta name=\"twitter:data2\" content=\"2 minuti\" \/>\n<script type=\"application\/ld+json\" class=\"yoast-schema-graph\">{\"@context\":\"https:\/\/schema.org\",\"@graph\":[{\"@type\":\"WebPage\",\"@id\":\"\/web\/2026\/04\/28\/pompeo-bene-lintervento-della-fondazione-crt-ma-la-regione-non-puo-continuare-a-disinvestire-sulla-cultura\/\",\"url\":\"\/web\/2026\/04\/28\/pompeo-bene-lintervento-della-fondazione-crt-ma-la-regione-non-puo-continuare-a-disinvestire-sulla-cultura\/\",\"name\":\"Pompeo: \u201cBene l\u2019intervento della Fondazione CRT, ma la Regione non pu\u00f2 continuare a disinvestire sulla cultura\u201d - Partito Democratico\",\"isPartOf\":{\"@id\":\"\/web\/#website\"},\"datePublished\":\"2026-04-28T10:00:33+00:00\",\"dateModified\":\"2026-04-28T10:00:35+00:00\",\"author\":{\"@id\":\"\/web\/#\/schema\/person\/0c13e972954f051ef0b6604dcdcd093a\"},\"breadcrumb\":{\"@id\":\"\/web\/2026\/04\/28\/pompeo-bene-lintervento-della-fondazione-crt-ma-la-regione-non-puo-continuare-a-disinvestire-sulla-cultura\/#breadcrumb\"},\"inLanguage\":\"it-IT\",\"potentialAction\":[{\"@type\":\"ReadAction\",\"target\":[\"\/web\/2026\/04\/28\/pompeo-bene-lintervento-della-fondazione-crt-ma-la-regione-non-puo-continuare-a-disinvestire-sulla-cultura\/\"]}]},{\"@type\":\"BreadcrumbList\",\"@id\":\"\/web\/2026\/04\/28\/pompeo-bene-lintervento-della-fondazione-crt-ma-la-regione-non-puo-continuare-a-disinvestire-sulla-cultura\/#breadcrumb\",\"itemListElement\":[{\"@type\":\"ListItem\",\"position\":1,\"name\":\"Home\",\"item\":\"\/web\/\"},{\"@type\":\"ListItem\",\"position\":2,\"name\":\"Pompeo: \u201cBene l\u2019intervento della Fondazione CRT, ma la Regione non pu\u00f2 continuare a disinvestire sulla cultura\u201d\"}]},{\"@type\":\"WebSite\",\"@id\":\"\/web\/#website\",\"url\":\"\/web\/\",\"name\":\"Partito Democratico\",\"description\":\"\",\"potentialAction\":[{\"@type\":\"SearchAction\",\"target\":{\"@type\":\"EntryPoint\",\"urlTemplate\":\"\/web\/?s={search_term_string}\"},\"query-input\":\"required name=search_term_string\"}],\"inLanguage\":\"it-IT\"},{\"@type\":\"Person\",\"@id\":\"\/web\/#\/schema\/person\/0c13e972954f051ef0b6604dcdcd093a\",\"name\":\"apuglisi\",\"image\":{\"@type\":\"ImageObject\",\"inLanguage\":\"it-IT\",\"@id\":\"\/web\/#\/schema\/person\/image\/\",\"url\":\"http:\/\/2.gravatar.com\/avatar\/8f77005929681ecacb724a762adbc06b?s=96&d=mm&r=g\",\"contentUrl\":\"http:\/\/2.gravatar.com\/avatar\/8f77005929681ecacb724a762adbc06b?s=96&d=mm&r=g\",\"caption\":\"apuglisi\"},\"url\":\"\/web\/author\/apuglisi\/\"}]}<\/script>\n<!-- \/ Yoast SEO plugin. -->","yoast_head_json":{"title":"Pompeo: \u201cBene l\u2019intervento della Fondazione CRT, ma la Regione non pu\u00f2 continuare a disinvestire sulla cultura\u201d - Partito Democratico","robots":{"index":"index","follow":"follow","max-snippet":"max-snippet:-1","max-image-preview":"max-image-preview:large","max-video-preview":"max-video-preview:-1"},"canonical":"\/web\/2026\/04\/28\/pompeo-bene-lintervento-della-fondazione-crt-ma-la-regione-non-puo-continuare-a-disinvestire-sulla-cultura\/","og_locale":"it_IT","og_type":"article","og_title":"Pompeo: \u201cBene l\u2019intervento della Fondazione CRT, ma la Regione non pu\u00f2 continuare a disinvestire sulla cultura\u201d - Partito Democratico","og_description":"28 aprile 2026&nbsp;&#8211; \u201cLa notizia dell\u2019intervento della Fondazione CRT con fondi propri \u00e8 un sollievo per decine di realt\u00e0 culturali che rischiavano di non sopravvivere al taglio dei contributi regionali. Ma non possiamo affidarci alla generosit\u00e0 delle fondazioni per coprire i vuoti lasciati dalla politica. Ho pi\u00f9 volte denunciato i tagli ai finanziamenti alla cultura [&hellip;]","og_url":"\/web\/2026\/04\/28\/pompeo-bene-lintervento-della-fondazione-crt-ma-la-regione-non-puo-continuare-a-disinvestire-sulla-cultura\/","og_site_name":"Partito Democratico","article_published_time":"2026-04-28T10:00:33+00:00","article_modified_time":"2026-04-28T10:00:35+00:00","author":"apuglisi","twitter_misc":{"Scritto da":"apuglisi","Tempo di lettura stimato":"2 minuti"},"schema":{"@context":"https:\/\/schema.org","@graph":[{"@type":"WebPage","@id":"\/web\/2026\/04\/28\/pompeo-bene-lintervento-della-fondazione-crt-ma-la-regione-non-puo-continuare-a-disinvestire-sulla-cultura\/","url":"\/web\/2026\/04\/28\/pompeo-bene-lintervento-della-fondazione-crt-ma-la-regione-non-puo-continuare-a-disinvestire-sulla-cultura\/","name":"Pompeo: \u201cBene l\u2019intervento della Fondazione CRT, ma la Regione non pu\u00f2 continuare a disinvestire sulla cultura\u201d - Partito Democratico","isPartOf":{"@id":"\/web\/#website"},"datePublished":"2026-04-28T10:00:33+00:00","dateModified":"2026-04-28T10:00:35+00:00","author":{"@id":"\/web\/#\/schema\/person\/0c13e972954f051ef0b6604dcdcd093a"},"breadcrumb":{"@id":"\/web\/2026\/04\/28\/pompeo-bene-lintervento-della-fondazione-crt-ma-la-regione-non-puo-continuare-a-disinvestire-sulla-cultura\/#breadcrumb"},"inLanguage":"it-IT","potentialAction":[{"@type":"ReadAction","target":["\/web\/2026\/04\/28\/pompeo-bene-lintervento-della-fondazione-crt-ma-la-regione-non-puo-continuare-a-disinvestire-sulla-cultura\/"]}]},{"@type":"BreadcrumbList","@id":"\/web\/2026\/04\/28\/pompeo-bene-lintervento-della-fondazione-crt-ma-la-regione-non-puo-continuare-a-disinvestire-sulla-cultura\/#breadcrumb","itemListElement":[{"@type":"ListItem","position":1,"name":"Home","item":"\/web\/"},{"@type":"ListItem","position":2,"name":"Pompeo: \u201cBene l\u2019intervento della Fondazione CRT, ma la Regione non pu\u00f2 continuare a disinvestire sulla cultura\u201d"}]},{"@type":"WebSite","@id":"\/web\/#website","url":"\/web\/","name":"Partito Democratico","description":"","potentialAction":[{"@type":"SearchAction","target":{"@type":"EntryPoint","urlTemplate":"\/web\/?s={search_term_string}"},"query-input":"required name=search_term_string"}],"inLanguage":"it-IT"},{"@type":"Person","@id":"\/web\/#\/schema\/person\/0c13e972954f051ef0b6604dcdcd093a","name":"apuglisi","image":{"@type":"ImageObject","inLanguage":"it-IT","@id":"\/web\/#\/schema\/person\/image\/","url":"http:\/\/2.gravatar.com\/avatar\/8f77005929681ecacb724a762adbc06b?s=96&d=mm&r=g","contentUrl":"http:\/\/2.gravatar.com\/avatar\/8f77005929681ecacb724a762adbc06b?s=96&d=mm&r=g","caption":"apuglisi"},"url":"\/web\/author\/apuglisi\/"}]}},"_links":{"self":[{"href":"\/web\/wp-json\/wp\/v2\/posts\/3901"}],"collection":[{"href":"\/web\/wp-json\/wp\/v2\/posts"}],"about":[{"href":"\/web\/wp-json\/wp\/v2\/types\/post"}],"author":[{"embeddable":true,"href":"\/web\/wp-json\/wp\/v2\/users\/100"}],"replies":[{"embeddable":true,"href":"\/web\/wp-json\/wp\/v2\/comments?post=3901"}],"version-history":[{"count":1,"href":"\/web\/wp-json\/wp\/v2\/posts\/3901\/revisions"}],"predecessor-version":[{"id":3902,"href":"\/web\/wp-json\/wp\/v2\/posts\/3901\/revisions\/3902"}],"wp:attachment":[{"href":"\/web\/wp-json\/wp\/v2\/media?parent=3901"}],"wp:term":[{"taxonomy":"category","embeddable":true,"href":"\/web\/wp-json\/wp\/v2\/categories?post=3901"},{"taxonomy":"post_tag","embeddable":true,"href":"\/web\/wp-json\/wp\/v2\/tags?post=3901"}],"curies":[{"name":"wp","href":"https:\/\/api.w.org\/{rel}","templated":true}]}}