{"id":3867,"date":"2026-04-22T12:26:22","date_gmt":"2026-04-22T10:26:22","guid":{"rendered":"\/web\/?p=3867"},"modified":"2026-04-22T12:26:23","modified_gmt":"2026-04-22T10:26:23","slug":"pompeo-crisi-ambientale-per-il-centrodestra-lemergenza-continua-a-non-esistere","status":"publish","type":"post","link":"\/web\/2026\/04\/22\/pompeo-crisi-ambientale-per-il-centrodestra-lemergenza-continua-a-non-esistere\/","title":{"rendered":"POMPEO: &#8220;CRISI AMBIENTALE: PER IL CENTRODESTRA L\u2019EMERGENZA CONTINUA A NON ESISTERE!\u201d"},"content":{"rendered":"\n<p>22 aprile 2026&nbsp;\u2013 \u201cI ragazzi di Extinction Rebellion che,&nbsp;ieri, hanno manifestato, pacificamente, davanti a Palazzo Lascaris, hanno voluto, ancora una volta, ricordare e ribadire che il tempo ormai sta scadendo perch\u00e9 migliaia di studi ci dicono che la crisi ambientale \u00e8 sempre pi\u00f9 allarmante.&nbsp;&nbsp;Purtroppo la Giunta regionale di centrodestra si sta dimostrando sorda alle legittime richieste di chi sta difendendo il pianeta. Non \u00e8 la prima volta che ignora chi chiede un impegno maggiore sulla crisi ambientale. I dati allarmanti sull\u2019inquinamento dell\u2019aria, come quelli che arrivano da Vinovo, ci impongono una seria riflessione\u201d afferma la&nbsp;<strong>Consigliera regionale del Partito Democratico Laura Pompeo.<\/strong><\/p>\n\n\n\n<p>&nbsp;\u201cRitengo \u2013 prosegue l\u2019<strong>esponente dem&nbsp;<\/strong>\u2013 che questa maggioranza non perda occasione per manifestare il proprio disinteresse per i problemi ambientali. Il nostro Pianeta sta morendo e non esiste un piano B, non esiste un\u2019altra strada, ma, invece di fare la propria parte, la Giunta di destra procede, ignorando ogni appello, come se l\u2019emergenza non esistesse!&#8221;<\/p>\n\n\n\n<p>&#8220;Questi giovani ci ricordano che occorre un impegno concreto da parte delle Istituzioni a tutela dell\u2019ambiente. Mi far\u00f2 portavoce delle loro istanze. Quello della crisi ambientale non \u00e9 un tema come un altro. \u00c9 il tema centrale per chi ancora spera in un futuro degno per le generazioni future\u201d conclude&nbsp;<strong>Laura Pompeo.<\/strong><\/p>\n","protected":false},"excerpt":{"rendered":"<p>22 aprile 2026&nbsp;\u2013 \u201cI ragazzi di Extinction Rebellion che,&nbsp;ieri, hanno manifestato, pacificamente, davanti a Palazzo Lascaris, hanno voluto, ancora una volta, ricordare e ribadire che il tempo ormai sta scadendo perch\u00e9 migliaia di studi ci dicono che la crisi ambientale \u00e8 sempre pi\u00f9 allarmante.&nbsp;&nbsp;Purtroppo la Giunta regionale di centrodestra si sta dimostrando sorda alle legittime [&hellip;]<\/p>\n","protected":false},"author":100,"featured_media":0,"comment_status":"closed","ping_status":"closed","sticky":false,"template":"","format":"standard","meta":[],"categories":[5,4],"tags":[92],"yoast_head":"<!-- This site is optimized with the Yoast SEO plugin v19.12 - https:\/\/yoast.com\/wordpress\/plugins\/seo\/ -->\n<title>POMPEO: &quot;CRISI AMBIENTALE: PER IL CENTRODESTRA L\u2019EMERGENZA CONTINUA A NON ESISTERE!\u201d - Partito Democratico<\/title>\n<meta name=\"robots\" content=\"index, follow, max-snippet:-1, max-image-preview:large, max-video-preview:-1\" \/>\n<link rel=\"canonical\" href=\"\/web\/2026\/04\/22\/pompeo-crisi-ambientale-per-il-centrodestra-lemergenza-continua-a-non-esistere\/\" \/>\n<meta property=\"og:locale\" content=\"it_IT\" \/>\n<meta property=\"og:type\" content=\"article\" \/>\n<meta property=\"og:title\" content=\"POMPEO: &quot;CRISI AMBIENTALE: PER IL CENTRODESTRA L\u2019EMERGENZA CONTINUA A NON ESISTERE!\u201d - Partito Democratico\" \/>\n<meta property=\"og:description\" content=\"22 aprile 2026&nbsp;\u2013 \u201cI ragazzi di Extinction Rebellion che,&nbsp;ieri, hanno manifestato, pacificamente, davanti a Palazzo Lascaris, hanno voluto, ancora una volta, ricordare e ribadire che il tempo ormai sta scadendo perch\u00e9 migliaia di studi ci dicono che la crisi ambientale \u00e8 sempre pi\u00f9 allarmante.&nbsp;&nbsp;Purtroppo la Giunta regionale di centrodestra si sta dimostrando sorda alle legittime [&hellip;]\" \/>\n<meta property=\"og:url\" content=\"\/web\/2026\/04\/22\/pompeo-crisi-ambientale-per-il-centrodestra-lemergenza-continua-a-non-esistere\/\" \/>\n<meta property=\"og:site_name\" content=\"Partito Democratico\" \/>\n<meta property=\"article:published_time\" content=\"2026-04-22T10:26:22+00:00\" \/>\n<meta property=\"article:modified_time\" content=\"2026-04-22T10:26:23+00:00\" \/>\n<meta name=\"author\" content=\"apuglisi\" \/>\n<meta name=\"twitter:label1\" content=\"Scritto da\" \/>\n\t<meta name=\"twitter:data1\" content=\"apuglisi\" \/>\n\t<meta name=\"twitter:label2\" content=\"Tempo di lettura stimato\" \/>\n\t<meta name=\"twitter:data2\" content=\"1 minuto\" \/>\n<script type=\"application\/ld+json\" class=\"yoast-schema-graph\">{\"@context\":\"https:\/\/schema.org\",\"@graph\":[{\"@type\":\"WebPage\",\"@id\":\"\/web\/2026\/04\/22\/pompeo-crisi-ambientale-per-il-centrodestra-lemergenza-continua-a-non-esistere\/\",\"url\":\"\/web\/2026\/04\/22\/pompeo-crisi-ambientale-per-il-centrodestra-lemergenza-continua-a-non-esistere\/\",\"name\":\"POMPEO: \\\"CRISI AMBIENTALE: PER IL CENTRODESTRA L\u2019EMERGENZA CONTINUA A NON ESISTERE!\u201d - Partito Democratico\",\"isPartOf\":{\"@id\":\"\/web\/#website\"},\"datePublished\":\"2026-04-22T10:26:22+00:00\",\"dateModified\":\"2026-04-22T10:26:23+00:00\",\"author\":{\"@id\":\"\/web\/#\/schema\/person\/0c13e972954f051ef0b6604dcdcd093a\"},\"breadcrumb\":{\"@id\":\"\/web\/2026\/04\/22\/pompeo-crisi-ambientale-per-il-centrodestra-lemergenza-continua-a-non-esistere\/#breadcrumb\"},\"inLanguage\":\"it-IT\",\"potentialAction\":[{\"@type\":\"ReadAction\",\"target\":[\"\/web\/2026\/04\/22\/pompeo-crisi-ambientale-per-il-centrodestra-lemergenza-continua-a-non-esistere\/\"]}]},{\"@type\":\"BreadcrumbList\",\"@id\":\"\/web\/2026\/04\/22\/pompeo-crisi-ambientale-per-il-centrodestra-lemergenza-continua-a-non-esistere\/#breadcrumb\",\"itemListElement\":[{\"@type\":\"ListItem\",\"position\":1,\"name\":\"Home\",\"item\":\"\/web\/\"},{\"@type\":\"ListItem\",\"position\":2,\"name\":\"POMPEO: &#8220;CRISI AMBIENTALE: PER IL CENTRODESTRA L\u2019EMERGENZA CONTINUA A NON ESISTERE!\u201d\"}]},{\"@type\":\"WebSite\",\"@id\":\"\/web\/#website\",\"url\":\"\/web\/\",\"name\":\"Partito Democratico\",\"description\":\"\",\"potentialAction\":[{\"@type\":\"SearchAction\",\"target\":{\"@type\":\"EntryPoint\",\"urlTemplate\":\"\/web\/?s={search_term_string}\"},\"query-input\":\"required name=search_term_string\"}],\"inLanguage\":\"it-IT\"},{\"@type\":\"Person\",\"@id\":\"\/web\/#\/schema\/person\/0c13e972954f051ef0b6604dcdcd093a\",\"name\":\"apuglisi\",\"image\":{\"@type\":\"ImageObject\",\"inLanguage\":\"it-IT\",\"@id\":\"\/web\/#\/schema\/person\/image\/\",\"url\":\"http:\/\/2.gravatar.com\/avatar\/8f77005929681ecacb724a762adbc06b?s=96&d=mm&r=g\",\"contentUrl\":\"http:\/\/2.gravatar.com\/avatar\/8f77005929681ecacb724a762adbc06b?s=96&d=mm&r=g\",\"caption\":\"apuglisi\"},\"url\":\"\/web\/author\/apuglisi\/\"}]}<\/script>\n<!-- \/ Yoast SEO plugin. -->","yoast_head_json":{"title":"POMPEO: \"CRISI AMBIENTALE: PER IL CENTRODESTRA L\u2019EMERGENZA CONTINUA A NON ESISTERE!\u201d - Partito Democratico","robots":{"index":"index","follow":"follow","max-snippet":"max-snippet:-1","max-image-preview":"max-image-preview:large","max-video-preview":"max-video-preview:-1"},"canonical":"\/web\/2026\/04\/22\/pompeo-crisi-ambientale-per-il-centrodestra-lemergenza-continua-a-non-esistere\/","og_locale":"it_IT","og_type":"article","og_title":"POMPEO: \"CRISI AMBIENTALE: PER IL CENTRODESTRA L\u2019EMERGENZA CONTINUA A NON ESISTERE!\u201d - Partito Democratico","og_description":"22 aprile 2026&nbsp;\u2013 \u201cI ragazzi di Extinction Rebellion che,&nbsp;ieri, hanno manifestato, pacificamente, davanti a Palazzo Lascaris, hanno voluto, ancora una volta, ricordare e ribadire che il tempo ormai sta scadendo perch\u00e9 migliaia di studi ci dicono che la crisi ambientale \u00e8 sempre pi\u00f9 allarmante.&nbsp;&nbsp;Purtroppo la Giunta regionale di centrodestra si sta dimostrando sorda alle legittime [&hellip;]","og_url":"\/web\/2026\/04\/22\/pompeo-crisi-ambientale-per-il-centrodestra-lemergenza-continua-a-non-esistere\/","og_site_name":"Partito Democratico","article_published_time":"2026-04-22T10:26:22+00:00","article_modified_time":"2026-04-22T10:26:23+00:00","author":"apuglisi","twitter_misc":{"Scritto da":"apuglisi","Tempo di lettura stimato":"1 minuto"},"schema":{"@context":"https:\/\/schema.org","@graph":[{"@type":"WebPage","@id":"\/web\/2026\/04\/22\/pompeo-crisi-ambientale-per-il-centrodestra-lemergenza-continua-a-non-esistere\/","url":"\/web\/2026\/04\/22\/pompeo-crisi-ambientale-per-il-centrodestra-lemergenza-continua-a-non-esistere\/","name":"POMPEO: \"CRISI AMBIENTALE: PER IL CENTRODESTRA L\u2019EMERGENZA CONTINUA A NON ESISTERE!\u201d - Partito Democratico","isPartOf":{"@id":"\/web\/#website"},"datePublished":"2026-04-22T10:26:22+00:00","dateModified":"2026-04-22T10:26:23+00:00","author":{"@id":"\/web\/#\/schema\/person\/0c13e972954f051ef0b6604dcdcd093a"},"breadcrumb":{"@id":"\/web\/2026\/04\/22\/pompeo-crisi-ambientale-per-il-centrodestra-lemergenza-continua-a-non-esistere\/#breadcrumb"},"inLanguage":"it-IT","potentialAction":[{"@type":"ReadAction","target":["\/web\/2026\/04\/22\/pompeo-crisi-ambientale-per-il-centrodestra-lemergenza-continua-a-non-esistere\/"]}]},{"@type":"BreadcrumbList","@id":"\/web\/2026\/04\/22\/pompeo-crisi-ambientale-per-il-centrodestra-lemergenza-continua-a-non-esistere\/#breadcrumb","itemListElement":[{"@type":"ListItem","position":1,"name":"Home","item":"\/web\/"},{"@type":"ListItem","position":2,"name":"POMPEO: &#8220;CRISI AMBIENTALE: PER IL CENTRODESTRA L\u2019EMERGENZA CONTINUA A NON ESISTERE!\u201d"}]},{"@type":"WebSite","@id":"\/web\/#website","url":"\/web\/","name":"Partito Democratico","description":"","potentialAction":[{"@type":"SearchAction","target":{"@type":"EntryPoint","urlTemplate":"\/web\/?s={search_term_string}"},"query-input":"required name=search_term_string"}],"inLanguage":"it-IT"},{"@type":"Person","@id":"\/web\/#\/schema\/person\/0c13e972954f051ef0b6604dcdcd093a","name":"apuglisi","image":{"@type":"ImageObject","inLanguage":"it-IT","@id":"\/web\/#\/schema\/person\/image\/","url":"http:\/\/2.gravatar.com\/avatar\/8f77005929681ecacb724a762adbc06b?s=96&d=mm&r=g","contentUrl":"http:\/\/2.gravatar.com\/avatar\/8f77005929681ecacb724a762adbc06b?s=96&d=mm&r=g","caption":"apuglisi"},"url":"\/web\/author\/apuglisi\/"}]}},"_links":{"self":[{"href":"\/web\/wp-json\/wp\/v2\/posts\/3867"}],"collection":[{"href":"\/web\/wp-json\/wp\/v2\/posts"}],"about":[{"href":"\/web\/wp-json\/wp\/v2\/types\/post"}],"author":[{"embeddable":true,"href":"\/web\/wp-json\/wp\/v2\/users\/100"}],"replies":[{"embeddable":true,"href":"\/web\/wp-json\/wp\/v2\/comments?post=3867"}],"version-history":[{"count":1,"href":"\/web\/wp-json\/wp\/v2\/posts\/3867\/revisions"}],"predecessor-version":[{"id":3868,"href":"\/web\/wp-json\/wp\/v2\/posts\/3867\/revisions\/3868"}],"wp:attachment":[{"href":"\/web\/wp-json\/wp\/v2\/media?parent=3867"}],"wp:term":[{"taxonomy":"category","embeddable":true,"href":"\/web\/wp-json\/wp\/v2\/categories?post=3867"},{"taxonomy":"post_tag","embeddable":true,"href":"\/web\/wp-json\/wp\/v2\/tags?post=3867"}],"curies":[{"name":"wp","href":"https:\/\/api.w.org\/{rel}","templated":true}]}}