{"id":3861,"date":"2026-04-21T16:51:00","date_gmt":"2026-04-21T14:51:00","guid":{"rendered":"\/web\/?p=3861"},"modified":"2026-04-21T16:51:02","modified_gmt":"2026-04-21T14:51:02","slug":"ucraina-approvata-in-consiglio-regionale-la-mozione-sulla-cooperazione-internazionale-verzella-e-valcauda-il-piemonte-scelga-di-essere-parte-attiva-nella-ricostruzione","status":"publish","type":"post","link":"\/web\/2026\/04\/21\/ucraina-approvata-in-consiglio-regionale-la-mozione-sulla-cooperazione-internazionale-verzella-e-valcauda-il-piemonte-scelga-di-essere-parte-attiva-nella-ricostruzione\/","title":{"rendered":"UCRAINA, APPROVATA IN CONSIGLIO REGIONALE LA MOZIONE SULLA COOPERAZIONE INTERNAZIONALE. VERZELLA E VALCAUDA: \u201cIL PIEMONTE SCELGA DI ESSERE PARTE ATTIVA NELLA RICOSTRUZIONE\u201d"},"content":{"rendered":"\n<p>Nella seduta di oggi, marted\u00ec 21 aprile 2026, il Consiglio regionale del Piemonte ha approvato la mozione che impegna la Giunta a rafforzare i progetti di cooperazione internazionale con l\u2019Ucraina.<\/p>\n\n\n\n<p>Un atto che guarda oltre l\u2019emergenza e si concentra sulle conseguenze pi\u00f9 profonde del conflitto, a partire dal diritto allo studio, dal supporto alla salute mentale e dalla tutela ambientale nei territori colpiti dalla guerra.<\/p>\n\n\n\n<p>\u00abNon possiamo limitarci alla solidariet\u00e0 di principio \u2013 dichiarano la consigliera regionale Emanuela Verzella e Federica Valcauda, esponente del territorio biellese e tesoriera di Europa Radicale \u2013. Con questa mozione chiediamo alla Regione Piemonte di fare un passo in pi\u00f9, diventando protagonista attiva di percorsi concreti di cooperazione e ricostruzione\u00bb.<\/p>\n\n\n\n<p>Il documento approvato richiama i dati drammatici del conflitto e sottolinea in particolare l\u2019impatto su bambini e adolescenti, spesso privati della possibilit\u00e0 di frequentare la scuola in condizioni di sicurezza, e sulle comunit\u00e0 segnate da traumi psicologici profondi.<\/p>\n\n\n\n<p>\u00abC\u2019\u00e8 una generazione che rischia di crescere senza scuola e senza strumenti per elaborare ci\u00f2 che ha vissuto \u2013 proseguono Verzella e Valcauda \u2013. \u00c8 su questo terreno che anche le istituzioni regionali possono e devono intervenire, valorizzando le competenze del nostro sistema educativo, sanitario e del terzo settore\u00bb.<\/p>\n\n\n\n<p>La mozione impegna inoltre la Giunta a rafforzare la cooperazione decentrata, favorendo partenariati tra enti locali piemontesi, universit\u00e0, organizzazioni non governative e soggetti attivi in Ucraina, e a promuovere iniziative di sensibilizzazione rivolte alla cittadinanza.<\/p>\n\n\n\n<p>\u00abIl Piemonte \u2013 concludono \u2013 ha gi\u00e0 dimostrato in questi anni grande capacit\u00e0 di accoglienza e solidariet\u00e0. Ora \u00e8 il momento di consolidare questo impegno, trasformandolo in progettualit\u00e0 strutturate, monitorabili e capaci di incidere davvero nei processi di ricostruzione e di sviluppo\u00bb.<\/p>\n\n\n\n<p>Torino, 21 Aprile 2026 \u00a0\u00a0\u00a0\u00a0\u00a0\u00a0\u00a0\u00a0\u00a0 \u00a0\u00a0\u00a0\u00a0\u00a0\u00a0\u00a0\u00a0\u00a0\u00a0\u00a0 \u00a0\u00a0\u00a0\u00a0\u00a0\u00a0\u00a0\u00a0\u00a0\u00a0\u00a0\u00a0\u00a0\u00a0\u00a0\u00a0\u00a0\u00a0\u00a0\u00a0\u00a0 \u00a0\u00a0\u00a0\u00a0\u00a0\u00a0\u00a0\u00a0\u00a0\u00a0\u00a0\u00a0\u00a0\u00a0<\/p>\n\n\n\n<p><strong>Emanuela Verzella<\/strong><\/p>\n\n\n\n<p><em>\u00a0Consigliera Regionale del Partito Democratico<\/em><\/p>\n","protected":false},"excerpt":{"rendered":"<p>Nella seduta di oggi, marted\u00ec 21 aprile 2026, il Consiglio regionale del Piemonte ha approvato la mozione che impegna la Giunta a rafforzare i progetti di cooperazione internazionale con l\u2019Ucraina. Un atto che guarda oltre l\u2019emergenza e si concentra sulle conseguenze pi\u00f9 profonde del conflitto, a partire dal diritto allo studio, dal supporto alla salute [&hellip;]<\/p>\n","protected":false},"author":100,"featured_media":0,"comment_status":"closed","ping_status":"closed","sticky":false,"template":"","format":"standard","meta":[],"categories":[4],"tags":[89],"yoast_head":"<!-- This site is optimized with the Yoast SEO plugin v19.12 - https:\/\/yoast.com\/wordpress\/plugins\/seo\/ -->\n<title>UCRAINA, APPROVATA IN CONSIGLIO REGIONALE LA MOZIONE SULLA COOPERAZIONE INTERNAZIONALE. VERZELLA E VALCAUDA: \u201cIL PIEMONTE SCELGA DI ESSERE PARTE ATTIVA NELLA RICOSTRUZIONE\u201d - Partito Democratico<\/title>\n<meta name=\"robots\" content=\"index, follow, max-snippet:-1, max-image-preview:large, max-video-preview:-1\" \/>\n<link rel=\"canonical\" href=\"\/web\/2026\/04\/21\/ucraina-approvata-in-consiglio-regionale-la-mozione-sulla-cooperazione-internazionale-verzella-e-valcauda-il-piemonte-scelga-di-essere-parte-attiva-nella-ricostruzione\/\" \/>\n<meta property=\"og:locale\" content=\"it_IT\" \/>\n<meta property=\"og:type\" content=\"article\" \/>\n<meta property=\"og:title\" content=\"UCRAINA, APPROVATA IN CONSIGLIO REGIONALE LA MOZIONE SULLA COOPERAZIONE INTERNAZIONALE. VERZELLA E VALCAUDA: \u201cIL PIEMONTE SCELGA DI ESSERE PARTE ATTIVA NELLA RICOSTRUZIONE\u201d - Partito Democratico\" \/>\n<meta property=\"og:description\" content=\"Nella seduta di oggi, marted\u00ec 21 aprile 2026, il Consiglio regionale del Piemonte ha approvato la mozione che impegna la Giunta a rafforzare i progetti di cooperazione internazionale con l\u2019Ucraina. Un atto che guarda oltre l\u2019emergenza e si concentra sulle conseguenze pi\u00f9 profonde del conflitto, a partire dal diritto allo studio, dal supporto alla salute [&hellip;]\" \/>\n<meta property=\"og:url\" content=\"\/web\/2026\/04\/21\/ucraina-approvata-in-consiglio-regionale-la-mozione-sulla-cooperazione-internazionale-verzella-e-valcauda-il-piemonte-scelga-di-essere-parte-attiva-nella-ricostruzione\/\" \/>\n<meta property=\"og:site_name\" content=\"Partito Democratico\" \/>\n<meta property=\"article:published_time\" content=\"2026-04-21T14:51:00+00:00\" \/>\n<meta property=\"article:modified_time\" content=\"2026-04-21T14:51:02+00:00\" \/>\n<meta name=\"author\" content=\"apuglisi\" \/>\n<meta name=\"twitter:label1\" content=\"Scritto da\" \/>\n\t<meta name=\"twitter:data1\" content=\"apuglisi\" \/>\n\t<meta name=\"twitter:label2\" content=\"Tempo di lettura stimato\" \/>\n\t<meta name=\"twitter:data2\" content=\"1 minuto\" \/>\n<script type=\"application\/ld+json\" class=\"yoast-schema-graph\">{\"@context\":\"https:\/\/schema.org\",\"@graph\":[{\"@type\":\"WebPage\",\"@id\":\"\/web\/2026\/04\/21\/ucraina-approvata-in-consiglio-regionale-la-mozione-sulla-cooperazione-internazionale-verzella-e-valcauda-il-piemonte-scelga-di-essere-parte-attiva-nella-ricostruzione\/\",\"url\":\"\/web\/2026\/04\/21\/ucraina-approvata-in-consiglio-regionale-la-mozione-sulla-cooperazione-internazionale-verzella-e-valcauda-il-piemonte-scelga-di-essere-parte-attiva-nella-ricostruzione\/\",\"name\":\"UCRAINA, APPROVATA IN CONSIGLIO REGIONALE LA MOZIONE SULLA COOPERAZIONE INTERNAZIONALE. VERZELLA E VALCAUDA: \u201cIL PIEMONTE SCELGA DI ESSERE PARTE ATTIVA NELLA RICOSTRUZIONE\u201d - Partito Democratico\",\"isPartOf\":{\"@id\":\"\/web\/#website\"},\"datePublished\":\"2026-04-21T14:51:00+00:00\",\"dateModified\":\"2026-04-21T14:51:02+00:00\",\"author\":{\"@id\":\"\/web\/#\/schema\/person\/0c13e972954f051ef0b6604dcdcd093a\"},\"breadcrumb\":{\"@id\":\"\/web\/2026\/04\/21\/ucraina-approvata-in-consiglio-regionale-la-mozione-sulla-cooperazione-internazionale-verzella-e-valcauda-il-piemonte-scelga-di-essere-parte-attiva-nella-ricostruzione\/#breadcrumb\"},\"inLanguage\":\"it-IT\",\"potentialAction\":[{\"@type\":\"ReadAction\",\"target\":[\"\/web\/2026\/04\/21\/ucraina-approvata-in-consiglio-regionale-la-mozione-sulla-cooperazione-internazionale-verzella-e-valcauda-il-piemonte-scelga-di-essere-parte-attiva-nella-ricostruzione\/\"]}]},{\"@type\":\"BreadcrumbList\",\"@id\":\"\/web\/2026\/04\/21\/ucraina-approvata-in-consiglio-regionale-la-mozione-sulla-cooperazione-internazionale-verzella-e-valcauda-il-piemonte-scelga-di-essere-parte-attiva-nella-ricostruzione\/#breadcrumb\",\"itemListElement\":[{\"@type\":\"ListItem\",\"position\":1,\"name\":\"Home\",\"item\":\"\/web\/\"},{\"@type\":\"ListItem\",\"position\":2,\"name\":\"UCRAINA, APPROVATA IN CONSIGLIO REGIONALE LA MOZIONE SULLA COOPERAZIONE INTERNAZIONALE. VERZELLA E VALCAUDA: \u201cIL PIEMONTE SCELGA DI ESSERE PARTE ATTIVA NELLA RICOSTRUZIONE\u201d\"}]},{\"@type\":\"WebSite\",\"@id\":\"\/web\/#website\",\"url\":\"\/web\/\",\"name\":\"Partito Democratico\",\"description\":\"\",\"potentialAction\":[{\"@type\":\"SearchAction\",\"target\":{\"@type\":\"EntryPoint\",\"urlTemplate\":\"\/web\/?s={search_term_string}\"},\"query-input\":\"required name=search_term_string\"}],\"inLanguage\":\"it-IT\"},{\"@type\":\"Person\",\"@id\":\"\/web\/#\/schema\/person\/0c13e972954f051ef0b6604dcdcd093a\",\"name\":\"apuglisi\",\"image\":{\"@type\":\"ImageObject\",\"inLanguage\":\"it-IT\",\"@id\":\"\/web\/#\/schema\/person\/image\/\",\"url\":\"http:\/\/2.gravatar.com\/avatar\/8f77005929681ecacb724a762adbc06b?s=96&d=mm&r=g\",\"contentUrl\":\"http:\/\/2.gravatar.com\/avatar\/8f77005929681ecacb724a762adbc06b?s=96&d=mm&r=g\",\"caption\":\"apuglisi\"},\"url\":\"\/web\/author\/apuglisi\/\"}]}<\/script>\n<!-- \/ Yoast SEO plugin. -->","yoast_head_json":{"title":"UCRAINA, APPROVATA IN CONSIGLIO REGIONALE LA MOZIONE SULLA COOPERAZIONE INTERNAZIONALE. VERZELLA E VALCAUDA: \u201cIL PIEMONTE SCELGA DI ESSERE PARTE ATTIVA NELLA RICOSTRUZIONE\u201d - Partito Democratico","robots":{"index":"index","follow":"follow","max-snippet":"max-snippet:-1","max-image-preview":"max-image-preview:large","max-video-preview":"max-video-preview:-1"},"canonical":"\/web\/2026\/04\/21\/ucraina-approvata-in-consiglio-regionale-la-mozione-sulla-cooperazione-internazionale-verzella-e-valcauda-il-piemonte-scelga-di-essere-parte-attiva-nella-ricostruzione\/","og_locale":"it_IT","og_type":"article","og_title":"UCRAINA, APPROVATA IN CONSIGLIO REGIONALE LA MOZIONE SULLA COOPERAZIONE INTERNAZIONALE. VERZELLA E VALCAUDA: \u201cIL PIEMONTE SCELGA DI ESSERE PARTE ATTIVA NELLA RICOSTRUZIONE\u201d - Partito Democratico","og_description":"Nella seduta di oggi, marted\u00ec 21 aprile 2026, il Consiglio regionale del Piemonte ha approvato la mozione che impegna la Giunta a rafforzare i progetti di cooperazione internazionale con l\u2019Ucraina. Un atto che guarda oltre l\u2019emergenza e si concentra sulle conseguenze pi\u00f9 profonde del conflitto, a partire dal diritto allo studio, dal supporto alla salute [&hellip;]","og_url":"\/web\/2026\/04\/21\/ucraina-approvata-in-consiglio-regionale-la-mozione-sulla-cooperazione-internazionale-verzella-e-valcauda-il-piemonte-scelga-di-essere-parte-attiva-nella-ricostruzione\/","og_site_name":"Partito Democratico","article_published_time":"2026-04-21T14:51:00+00:00","article_modified_time":"2026-04-21T14:51:02+00:00","author":"apuglisi","twitter_misc":{"Scritto da":"apuglisi","Tempo di lettura stimato":"1 minuto"},"schema":{"@context":"https:\/\/schema.org","@graph":[{"@type":"WebPage","@id":"\/web\/2026\/04\/21\/ucraina-approvata-in-consiglio-regionale-la-mozione-sulla-cooperazione-internazionale-verzella-e-valcauda-il-piemonte-scelga-di-essere-parte-attiva-nella-ricostruzione\/","url":"\/web\/2026\/04\/21\/ucraina-approvata-in-consiglio-regionale-la-mozione-sulla-cooperazione-internazionale-verzella-e-valcauda-il-piemonte-scelga-di-essere-parte-attiva-nella-ricostruzione\/","name":"UCRAINA, APPROVATA IN CONSIGLIO REGIONALE LA MOZIONE SULLA COOPERAZIONE INTERNAZIONALE. VERZELLA E VALCAUDA: \u201cIL PIEMONTE SCELGA DI ESSERE PARTE ATTIVA NELLA RICOSTRUZIONE\u201d - Partito Democratico","isPartOf":{"@id":"\/web\/#website"},"datePublished":"2026-04-21T14:51:00+00:00","dateModified":"2026-04-21T14:51:02+00:00","author":{"@id":"\/web\/#\/schema\/person\/0c13e972954f051ef0b6604dcdcd093a"},"breadcrumb":{"@id":"\/web\/2026\/04\/21\/ucraina-approvata-in-consiglio-regionale-la-mozione-sulla-cooperazione-internazionale-verzella-e-valcauda-il-piemonte-scelga-di-essere-parte-attiva-nella-ricostruzione\/#breadcrumb"},"inLanguage":"it-IT","potentialAction":[{"@type":"ReadAction","target":["\/web\/2026\/04\/21\/ucraina-approvata-in-consiglio-regionale-la-mozione-sulla-cooperazione-internazionale-verzella-e-valcauda-il-piemonte-scelga-di-essere-parte-attiva-nella-ricostruzione\/"]}]},{"@type":"BreadcrumbList","@id":"\/web\/2026\/04\/21\/ucraina-approvata-in-consiglio-regionale-la-mozione-sulla-cooperazione-internazionale-verzella-e-valcauda-il-piemonte-scelga-di-essere-parte-attiva-nella-ricostruzione\/#breadcrumb","itemListElement":[{"@type":"ListItem","position":1,"name":"Home","item":"\/web\/"},{"@type":"ListItem","position":2,"name":"UCRAINA, APPROVATA IN CONSIGLIO REGIONALE LA MOZIONE SULLA COOPERAZIONE INTERNAZIONALE. VERZELLA E VALCAUDA: \u201cIL PIEMONTE SCELGA DI ESSERE PARTE ATTIVA NELLA RICOSTRUZIONE\u201d"}]},{"@type":"WebSite","@id":"\/web\/#website","url":"\/web\/","name":"Partito Democratico","description":"","potentialAction":[{"@type":"SearchAction","target":{"@type":"EntryPoint","urlTemplate":"\/web\/?s={search_term_string}"},"query-input":"required name=search_term_string"}],"inLanguage":"it-IT"},{"@type":"Person","@id":"\/web\/#\/schema\/person\/0c13e972954f051ef0b6604dcdcd093a","name":"apuglisi","image":{"@type":"ImageObject","inLanguage":"it-IT","@id":"\/web\/#\/schema\/person\/image\/","url":"http:\/\/2.gravatar.com\/avatar\/8f77005929681ecacb724a762adbc06b?s=96&d=mm&r=g","contentUrl":"http:\/\/2.gravatar.com\/avatar\/8f77005929681ecacb724a762adbc06b?s=96&d=mm&r=g","caption":"apuglisi"},"url":"\/web\/author\/apuglisi\/"}]}},"_links":{"self":[{"href":"\/web\/wp-json\/wp\/v2\/posts\/3861"}],"collection":[{"href":"\/web\/wp-json\/wp\/v2\/posts"}],"about":[{"href":"\/web\/wp-json\/wp\/v2\/types\/post"}],"author":[{"embeddable":true,"href":"\/web\/wp-json\/wp\/v2\/users\/100"}],"replies":[{"embeddable":true,"href":"\/web\/wp-json\/wp\/v2\/comments?post=3861"}],"version-history":[{"count":1,"href":"\/web\/wp-json\/wp\/v2\/posts\/3861\/revisions"}],"predecessor-version":[{"id":3862,"href":"\/web\/wp-json\/wp\/v2\/posts\/3861\/revisions\/3862"}],"wp:attachment":[{"href":"\/web\/wp-json\/wp\/v2\/media?parent=3861"}],"wp:term":[{"taxonomy":"category","embeddable":true,"href":"\/web\/wp-json\/wp\/v2\/categories?post=3861"},{"taxonomy":"post_tag","embeddable":true,"href":"\/web\/wp-json\/wp\/v2\/tags?post=3861"}],"curies":[{"name":"wp","href":"https:\/\/api.w.org\/{rel}","templated":true}]}}