{"id":3859,"date":"2026-04-21T16:46:33","date_gmt":"2026-04-21T14:46:33","guid":{"rendered":"\/web\/?p=3859"},"modified":"2026-04-21T16:46:35","modified_gmt":"2026-04-21T14:46:35","slug":"conticelli-pd-ravinale-avs-dalla-giunta-regionale-sul-riordino-degli-istituti-tecnici-nessuna-risposta-presenteremo-un-ordine-del-giorno-per-sospendere-la-manovra","status":"publish","type":"post","link":"\/web\/2026\/04\/21\/conticelli-pd-ravinale-avs-dalla-giunta-regionale-sul-riordino-degli-istituti-tecnici-nessuna-risposta-presenteremo-un-ordine-del-giorno-per-sospendere-la-manovra\/","title":{"rendered":"CONTICELLI (PD) &#8211; RAVINALE (AVS), DALLA GIUNTA REGIONALE SUL RIORDINO DEGLI ISTITUTI TECNICI NESSUNA RISPOSTA. PRESENTEREMO UN ORDINE DEL GIORNO PER SOSPENDERE LA MANOVRA"},"content":{"rendered":"\n<p>&#8220;Dalla Giunta regionale nessuna risposta in aula sul riordino degli istituti tecnici, solo una risposta formale sulla filiera tecnologica professionale 4+2, ma nessun accenno al riordino del quinquennio che incombe sul prossimo anno scolastico.<br>Accogliamo la disponibilit\u00e0 ad approfondire la questione espressa dalla neo assessora Cameroni e presenteremo a breve un ordine del giorno per chiedere formalmente alla Giunta regionale di farsi parte attiva rispetto al Governo per la dilazione della revisione degli istituti tecnici lamento fino all\u2019anno 2027-28, aprendo contestualmente un tavolo di confronto con i sindacati e tutte le componenti della scuola coinvolte.<\/p>\n\n\n\n<p>&#8220;Nell\u2019interrogazione urgente discussa oggi in aula avevamo chiesto all\u2019assessora di chiarire con tempestivit\u00e0 quali azioni intendesse intraprendere, nell\u2019ambito delle proprie competenze, per tutelare la qualit\u00e0 dell\u2019offerta formativa e il ruolo della scuola pubblica in Piemonte.<\/p>\n\n\n\n<p>Questa riforma, rimasta di fatto ferma per anni e oggi riproposta attraverso una sperimentazione frettolosa, priva di dati e di una valutazione degli esiti, non pu\u00f2 essere applicata in modo cos\u00ec accelerato gi\u00e0 dal prossimo anno scolastico, quando le iscrizioni sono gi\u00e0 concluse. Si tratta di un intervento che interviene pesantemente sui quadri orari, comprimendo la didattica e l\u2019educazione, soprattutto nel primo biennio, che rappresenta una fase fondamentale del percorso formativo.<\/p>\n\n\n\n<p>&#8220;Non \u00e8 un caso che contro questo riordino si siano espressi numerosi Collegi docenti degli istituti interessati, che hanno costituito una rete di mobilitazione, partita proprio da Torino. La riduzione del tempo scuola, il rischio di esuberi tra il personale docente, il taglio delle discipline umanistiche e scientifiche e il conseguente impoverimento dell\u2019offerta formativa, insieme al superamento del biennio comune e all\u2019anticipazione delle scelte degli studenti, rischiano di snaturare profondamente la funzione della scuola, piegandola eccessivamente alle esigenze produttive.<\/p>\n\n\n\n<p>A ci\u00f2 si aggiungono criticit\u00e0 organizzative rilevanti: i nuovi quadri orari parcellizzano le cattedre, rendendo pi\u00f9 difficile garantire continuit\u00e0 didattica e una gestione efficace dell\u2019organizzazione scolastica.<\/p>\n\n\n\n<p>In un contesto in cui anche il mondo del lavoro richiede competenze sempre pi\u00f9 articolate, che includano solide basi culturali e umanistiche, appare miope procedere con modelli che rischiano di ridurre, anzich\u00e9 rafforzare, la qualit\u00e0 della formazione.<\/p>\n\n\n\n<p>&#8220;Per tutte queste ragioni ribadiamo con forza che la Regione Piemonte non pu\u00f2 limitarsi a un ruolo passivo. \u00c8 necessario che rappresenti con determinazione le istanze del mondo della scuola piemontese, difendendo la qualit\u00e0 dell\u2019istruzione pubblica e il diritto degli studenti a un percorso formativo completo e non riduttivo.<\/p>\n\n\n\n<p>Lo dichiarano<br><strong>Nadia Conticelli, consigliera regionale PD<br>Alice Ravinale, presidente gruppo regionale AVS<\/strong><\/p>\n","protected":false},"excerpt":{"rendered":"<p>&#8220;Dalla Giunta regionale nessuna risposta in aula sul riordino degli istituti tecnici, solo una risposta formale sulla filiera tecnologica professionale 4+2, ma nessun accenno al riordino del quinquennio che incombe sul prossimo anno scolastico.Accogliamo la disponibilit\u00e0 ad approfondire la questione espressa dalla neo assessora Cameroni e presenteremo a breve un ordine del giorno per chiedere [&hellip;]<\/p>\n","protected":false},"author":100,"featured_media":0,"comment_status":"closed","ping_status":"closed","sticky":false,"template":"","format":"standard","meta":[],"categories":[4,59],"tags":[44],"yoast_head":"<!-- This site is optimized with the Yoast SEO plugin v19.12 - https:\/\/yoast.com\/wordpress\/plugins\/seo\/ -->\n<title>CONTICELLI (PD) - RAVINALE (AVS), DALLA GIUNTA REGIONALE SUL RIORDINO DEGLI ISTITUTI TECNICI NESSUNA RISPOSTA. PRESENTEREMO UN ORDINE DEL GIORNO PER SOSPENDERE LA MANOVRA - Partito Democratico<\/title>\n<meta name=\"robots\" content=\"index, follow, max-snippet:-1, max-image-preview:large, max-video-preview:-1\" \/>\n<link rel=\"canonical\" href=\"\/web\/2026\/04\/21\/conticelli-pd-ravinale-avs-dalla-giunta-regionale-sul-riordino-degli-istituti-tecnici-nessuna-risposta-presenteremo-un-ordine-del-giorno-per-sospendere-la-manovra\/\" \/>\n<meta property=\"og:locale\" content=\"it_IT\" \/>\n<meta property=\"og:type\" content=\"article\" \/>\n<meta property=\"og:title\" content=\"CONTICELLI (PD) - RAVINALE (AVS), DALLA GIUNTA REGIONALE SUL RIORDINO DEGLI ISTITUTI TECNICI NESSUNA RISPOSTA. PRESENTEREMO UN ORDINE DEL GIORNO PER SOSPENDERE LA MANOVRA - Partito Democratico\" \/>\n<meta property=\"og:description\" content=\"&#8220;Dalla Giunta regionale nessuna risposta in aula sul riordino degli istituti tecnici, solo una risposta formale sulla filiera tecnologica professionale 4+2, ma nessun accenno al riordino del quinquennio che incombe sul prossimo anno scolastico.Accogliamo la disponibilit\u00e0 ad approfondire la questione espressa dalla neo assessora Cameroni e presenteremo a breve un ordine del giorno per chiedere [&hellip;]\" \/>\n<meta property=\"og:url\" content=\"\/web\/2026\/04\/21\/conticelli-pd-ravinale-avs-dalla-giunta-regionale-sul-riordino-degli-istituti-tecnici-nessuna-risposta-presenteremo-un-ordine-del-giorno-per-sospendere-la-manovra\/\" \/>\n<meta property=\"og:site_name\" content=\"Partito Democratico\" \/>\n<meta property=\"article:published_time\" content=\"2026-04-21T14:46:33+00:00\" \/>\n<meta property=\"article:modified_time\" content=\"2026-04-21T14:46:35+00:00\" \/>\n<meta name=\"author\" content=\"apuglisi\" \/>\n<meta name=\"twitter:label1\" content=\"Scritto da\" \/>\n\t<meta name=\"twitter:data1\" content=\"apuglisi\" \/>\n\t<meta name=\"twitter:label2\" content=\"Tempo di lettura stimato\" \/>\n\t<meta name=\"twitter:data2\" content=\"2 minuti\" \/>\n<script type=\"application\/ld+json\" class=\"yoast-schema-graph\">{\"@context\":\"https:\/\/schema.org\",\"@graph\":[{\"@type\":\"WebPage\",\"@id\":\"\/web\/2026\/04\/21\/conticelli-pd-ravinale-avs-dalla-giunta-regionale-sul-riordino-degli-istituti-tecnici-nessuna-risposta-presenteremo-un-ordine-del-giorno-per-sospendere-la-manovra\/\",\"url\":\"\/web\/2026\/04\/21\/conticelli-pd-ravinale-avs-dalla-giunta-regionale-sul-riordino-degli-istituti-tecnici-nessuna-risposta-presenteremo-un-ordine-del-giorno-per-sospendere-la-manovra\/\",\"name\":\"CONTICELLI (PD) - RAVINALE (AVS), DALLA GIUNTA REGIONALE SUL RIORDINO DEGLI ISTITUTI TECNICI NESSUNA RISPOSTA. PRESENTEREMO UN ORDINE DEL GIORNO PER SOSPENDERE LA MANOVRA - Partito Democratico\",\"isPartOf\":{\"@id\":\"\/web\/#website\"},\"datePublished\":\"2026-04-21T14:46:33+00:00\",\"dateModified\":\"2026-04-21T14:46:35+00:00\",\"author\":{\"@id\":\"\/web\/#\/schema\/person\/0c13e972954f051ef0b6604dcdcd093a\"},\"breadcrumb\":{\"@id\":\"\/web\/2026\/04\/21\/conticelli-pd-ravinale-avs-dalla-giunta-regionale-sul-riordino-degli-istituti-tecnici-nessuna-risposta-presenteremo-un-ordine-del-giorno-per-sospendere-la-manovra\/#breadcrumb\"},\"inLanguage\":\"it-IT\",\"potentialAction\":[{\"@type\":\"ReadAction\",\"target\":[\"\/web\/2026\/04\/21\/conticelli-pd-ravinale-avs-dalla-giunta-regionale-sul-riordino-degli-istituti-tecnici-nessuna-risposta-presenteremo-un-ordine-del-giorno-per-sospendere-la-manovra\/\"]}]},{\"@type\":\"BreadcrumbList\",\"@id\":\"\/web\/2026\/04\/21\/conticelli-pd-ravinale-avs-dalla-giunta-regionale-sul-riordino-degli-istituti-tecnici-nessuna-risposta-presenteremo-un-ordine-del-giorno-per-sospendere-la-manovra\/#breadcrumb\",\"itemListElement\":[{\"@type\":\"ListItem\",\"position\":1,\"name\":\"Home\",\"item\":\"\/web\/\"},{\"@type\":\"ListItem\",\"position\":2,\"name\":\"CONTICELLI (PD) &#8211; RAVINALE (AVS), DALLA GIUNTA REGIONALE SUL RIORDINO DEGLI ISTITUTI TECNICI NESSUNA RISPOSTA. PRESENTEREMO UN ORDINE DEL GIORNO PER SOSPENDERE LA MANOVRA\"}]},{\"@type\":\"WebSite\",\"@id\":\"\/web\/#website\",\"url\":\"\/web\/\",\"name\":\"Partito Democratico\",\"description\":\"\",\"potentialAction\":[{\"@type\":\"SearchAction\",\"target\":{\"@type\":\"EntryPoint\",\"urlTemplate\":\"\/web\/?s={search_term_string}\"},\"query-input\":\"required name=search_term_string\"}],\"inLanguage\":\"it-IT\"},{\"@type\":\"Person\",\"@id\":\"\/web\/#\/schema\/person\/0c13e972954f051ef0b6604dcdcd093a\",\"name\":\"apuglisi\",\"image\":{\"@type\":\"ImageObject\",\"inLanguage\":\"it-IT\",\"@id\":\"\/web\/#\/schema\/person\/image\/\",\"url\":\"http:\/\/2.gravatar.com\/avatar\/8f77005929681ecacb724a762adbc06b?s=96&d=mm&r=g\",\"contentUrl\":\"http:\/\/2.gravatar.com\/avatar\/8f77005929681ecacb724a762adbc06b?s=96&d=mm&r=g\",\"caption\":\"apuglisi\"},\"url\":\"\/web\/author\/apuglisi\/\"}]}<\/script>\n<!-- \/ Yoast SEO plugin. -->","yoast_head_json":{"title":"CONTICELLI (PD) - RAVINALE (AVS), DALLA GIUNTA REGIONALE SUL RIORDINO DEGLI ISTITUTI TECNICI NESSUNA RISPOSTA. PRESENTEREMO UN ORDINE DEL GIORNO PER SOSPENDERE LA MANOVRA - Partito Democratico","robots":{"index":"index","follow":"follow","max-snippet":"max-snippet:-1","max-image-preview":"max-image-preview:large","max-video-preview":"max-video-preview:-1"},"canonical":"\/web\/2026\/04\/21\/conticelli-pd-ravinale-avs-dalla-giunta-regionale-sul-riordino-degli-istituti-tecnici-nessuna-risposta-presenteremo-un-ordine-del-giorno-per-sospendere-la-manovra\/","og_locale":"it_IT","og_type":"article","og_title":"CONTICELLI (PD) - RAVINALE (AVS), DALLA GIUNTA REGIONALE SUL RIORDINO DEGLI ISTITUTI TECNICI NESSUNA RISPOSTA. PRESENTEREMO UN ORDINE DEL GIORNO PER SOSPENDERE LA MANOVRA - Partito Democratico","og_description":"&#8220;Dalla Giunta regionale nessuna risposta in aula sul riordino degli istituti tecnici, solo una risposta formale sulla filiera tecnologica professionale 4+2, ma nessun accenno al riordino del quinquennio che incombe sul prossimo anno scolastico.Accogliamo la disponibilit\u00e0 ad approfondire la questione espressa dalla neo assessora Cameroni e presenteremo a breve un ordine del giorno per chiedere [&hellip;]","og_url":"\/web\/2026\/04\/21\/conticelli-pd-ravinale-avs-dalla-giunta-regionale-sul-riordino-degli-istituti-tecnici-nessuna-risposta-presenteremo-un-ordine-del-giorno-per-sospendere-la-manovra\/","og_site_name":"Partito Democratico","article_published_time":"2026-04-21T14:46:33+00:00","article_modified_time":"2026-04-21T14:46:35+00:00","author":"apuglisi","twitter_misc":{"Scritto da":"apuglisi","Tempo di lettura stimato":"2 minuti"},"schema":{"@context":"https:\/\/schema.org","@graph":[{"@type":"WebPage","@id":"\/web\/2026\/04\/21\/conticelli-pd-ravinale-avs-dalla-giunta-regionale-sul-riordino-degli-istituti-tecnici-nessuna-risposta-presenteremo-un-ordine-del-giorno-per-sospendere-la-manovra\/","url":"\/web\/2026\/04\/21\/conticelli-pd-ravinale-avs-dalla-giunta-regionale-sul-riordino-degli-istituti-tecnici-nessuna-risposta-presenteremo-un-ordine-del-giorno-per-sospendere-la-manovra\/","name":"CONTICELLI (PD) - RAVINALE (AVS), DALLA GIUNTA REGIONALE SUL RIORDINO DEGLI ISTITUTI TECNICI NESSUNA RISPOSTA. PRESENTEREMO UN ORDINE DEL GIORNO PER SOSPENDERE LA MANOVRA - Partito Democratico","isPartOf":{"@id":"\/web\/#website"},"datePublished":"2026-04-21T14:46:33+00:00","dateModified":"2026-04-21T14:46:35+00:00","author":{"@id":"\/web\/#\/schema\/person\/0c13e972954f051ef0b6604dcdcd093a"},"breadcrumb":{"@id":"\/web\/2026\/04\/21\/conticelli-pd-ravinale-avs-dalla-giunta-regionale-sul-riordino-degli-istituti-tecnici-nessuna-risposta-presenteremo-un-ordine-del-giorno-per-sospendere-la-manovra\/#breadcrumb"},"inLanguage":"it-IT","potentialAction":[{"@type":"ReadAction","target":["\/web\/2026\/04\/21\/conticelli-pd-ravinale-avs-dalla-giunta-regionale-sul-riordino-degli-istituti-tecnici-nessuna-risposta-presenteremo-un-ordine-del-giorno-per-sospendere-la-manovra\/"]}]},{"@type":"BreadcrumbList","@id":"\/web\/2026\/04\/21\/conticelli-pd-ravinale-avs-dalla-giunta-regionale-sul-riordino-degli-istituti-tecnici-nessuna-risposta-presenteremo-un-ordine-del-giorno-per-sospendere-la-manovra\/#breadcrumb","itemListElement":[{"@type":"ListItem","position":1,"name":"Home","item":"\/web\/"},{"@type":"ListItem","position":2,"name":"CONTICELLI (PD) &#8211; RAVINALE (AVS), DALLA GIUNTA REGIONALE SUL RIORDINO DEGLI ISTITUTI TECNICI NESSUNA RISPOSTA. PRESENTEREMO UN ORDINE DEL GIORNO PER SOSPENDERE LA MANOVRA"}]},{"@type":"WebSite","@id":"\/web\/#website","url":"\/web\/","name":"Partito Democratico","description":"","potentialAction":[{"@type":"SearchAction","target":{"@type":"EntryPoint","urlTemplate":"\/web\/?s={search_term_string}"},"query-input":"required name=search_term_string"}],"inLanguage":"it-IT"},{"@type":"Person","@id":"\/web\/#\/schema\/person\/0c13e972954f051ef0b6604dcdcd093a","name":"apuglisi","image":{"@type":"ImageObject","inLanguage":"it-IT","@id":"\/web\/#\/schema\/person\/image\/","url":"http:\/\/2.gravatar.com\/avatar\/8f77005929681ecacb724a762adbc06b?s=96&d=mm&r=g","contentUrl":"http:\/\/2.gravatar.com\/avatar\/8f77005929681ecacb724a762adbc06b?s=96&d=mm&r=g","caption":"apuglisi"},"url":"\/web\/author\/apuglisi\/"}]}},"_links":{"self":[{"href":"\/web\/wp-json\/wp\/v2\/posts\/3859"}],"collection":[{"href":"\/web\/wp-json\/wp\/v2\/posts"}],"about":[{"href":"\/web\/wp-json\/wp\/v2\/types\/post"}],"author":[{"embeddable":true,"href":"\/web\/wp-json\/wp\/v2\/users\/100"}],"replies":[{"embeddable":true,"href":"\/web\/wp-json\/wp\/v2\/comments?post=3859"}],"version-history":[{"count":1,"href":"\/web\/wp-json\/wp\/v2\/posts\/3859\/revisions"}],"predecessor-version":[{"id":3860,"href":"\/web\/wp-json\/wp\/v2\/posts\/3859\/revisions\/3860"}],"wp:attachment":[{"href":"\/web\/wp-json\/wp\/v2\/media?parent=3859"}],"wp:term":[{"taxonomy":"category","embeddable":true,"href":"\/web\/wp-json\/wp\/v2\/categories?post=3859"},{"taxonomy":"post_tag","embeddable":true,"href":"\/web\/wp-json\/wp\/v2\/tags?post=3859"}],"curies":[{"name":"wp","href":"https:\/\/api.w.org\/{rel}","templated":true}]}}