{"id":3855,"date":"2026-04-21T14:22:03","date_gmt":"2026-04-21T12:22:03","guid":{"rendered":"\/web\/?p=3855"},"modified":"2026-04-21T14:22:04","modified_gmt":"2026-04-21T12:22:04","slug":"vesta-conticelli-ora-si-mostri-rispetto-per-le-famiglie-piemontesi-si-annulli-il-bando-e-si-proceda-con-regolari-domande-con-graduatorie","status":"publish","type":"post","link":"\/web\/2026\/04\/21\/vesta-conticelli-ora-si-mostri-rispetto-per-le-famiglie-piemontesi-si-annulli-il-bando-e-si-proceda-con-regolari-domande-con-graduatorie\/","title":{"rendered":"VESTA. CONTICELLI: \u201cORA SI MOSTRI RISPETTO PER LE FAMIGLIE PIEMONTESI. SI ANNULLI IL BANDO E SI PROCEDA CON REGOLARI DOMANDE CON GRADUATORIE\u201d."},"content":{"rendered":"\n<p>&#8220;Tutto ampiamente prevedibile: la corsa telematica al Bonus Vesta ha mandato in tilt il sistema dopo pochi minuti . Chiediamo non solo che l a giornata odierna naufragata miseramente non venga considerata , ma che l&#8217; assessore ritiri il bando e ne rilanci un altro , con regolare accesso attraverso domanda con graduatoria .<\/p>\n\n\n\n<p>&#8220;La scelta della Giunta Cirio di sostituire con il click day un regolare bando con graduatoria per il sostegno economico alle famiglie con figli, per il secondo anno consecutivo si \u00e8 trasformata in un disagio inutile per i piemontesi . Gi\u00e0 nel 2025 il click day si era rivelato un\u2019iniziativa al limite dell\u2019inaccessibile, con il sito bloccato e famiglie in piedi tutta la notte per poter partecipare, oltre all&#8217;ingiustizia sociale poich\u00e9 pone una misura sociale al livello di una \u201criffa\u201d senza graduatoria.<\/p>\n\n\n\n<p>&#8220;Quest&#8217;anno \u00e8 andata, se possibile, anche peggio, con l\u2019appuntamento per il \u201cclick\u201d a mezzogiorno, quando le persone sono in gran parte a lavorare. Vorrei capire chi ha provato a collegarsi, se lo ha fatto in orario d&#8217;ufficio magari anticipando la pausa pranzo, o ritagliando tempo al lavoro oppure se ha dovuto prendere permesso per potersi collegare, poich\u00e9 naturalmente non tutti lavorano davanti aL computer. In molte parti della regione associazioni e realt\u00e0 territoriali si sono organizzate per garantire delle postazioni informatiche alle famiglie in maggiore fragilit\u00e0, t utto vanificato dopo pochi minuti dall\u2019apertura della piattaforma . Una modalit\u00e0 su cui l\u2019assessore al Welfare Marrone ha rifiutato totalmente di confrontarsi con il consiglio , dimostrando mancanza di rispetto per i bisogni che il bonus dice di voler accogliere&#8221;.<\/p>\n\n\n\n<p>Lo dichiara Nadia Conticelli, consigliera regionale PD<\/p>\n","protected":false},"excerpt":{"rendered":"<p>&#8220;Tutto ampiamente prevedibile: la corsa telematica al Bonus Vesta ha mandato in tilt il sistema dopo pochi minuti . Chiediamo non solo che l a giornata odierna naufragata miseramente non venga considerata , ma che l&#8217; assessore ritiri il bando e ne rilanci un altro , con regolare accesso attraverso domanda con graduatoria . &#8220;La [&hellip;]<\/p>\n","protected":false},"author":100,"featured_media":0,"comment_status":"closed","ping_status":"closed","sticky":false,"template":"","format":"standard","meta":[],"categories":[4,58],"tags":[44],"yoast_head":"<!-- This site is optimized with the Yoast SEO plugin v19.12 - https:\/\/yoast.com\/wordpress\/plugins\/seo\/ -->\n<title>VESTA. CONTICELLI: \u201cORA SI MOSTRI RISPETTO PER LE FAMIGLIE PIEMONTESI. SI ANNULLI IL BANDO E SI PROCEDA CON REGOLARI DOMANDE CON GRADUATORIE\u201d. - Partito Democratico<\/title>\n<meta name=\"robots\" content=\"index, follow, max-snippet:-1, max-image-preview:large, max-video-preview:-1\" \/>\n<link rel=\"canonical\" href=\"\/web\/2026\/04\/21\/vesta-conticelli-ora-si-mostri-rispetto-per-le-famiglie-piemontesi-si-annulli-il-bando-e-si-proceda-con-regolari-domande-con-graduatorie\/\" \/>\n<meta property=\"og:locale\" content=\"it_IT\" \/>\n<meta property=\"og:type\" content=\"article\" \/>\n<meta property=\"og:title\" content=\"VESTA. CONTICELLI: \u201cORA SI MOSTRI RISPETTO PER LE FAMIGLIE PIEMONTESI. SI ANNULLI IL BANDO E SI PROCEDA CON REGOLARI DOMANDE CON GRADUATORIE\u201d. - Partito Democratico\" \/>\n<meta property=\"og:description\" content=\"&#8220;Tutto ampiamente prevedibile: la corsa telematica al Bonus Vesta ha mandato in tilt il sistema dopo pochi minuti . Chiediamo non solo che l a giornata odierna naufragata miseramente non venga considerata , ma che l&#8217; assessore ritiri il bando e ne rilanci un altro , con regolare accesso attraverso domanda con graduatoria . &#8220;La [&hellip;]\" \/>\n<meta property=\"og:url\" content=\"\/web\/2026\/04\/21\/vesta-conticelli-ora-si-mostri-rispetto-per-le-famiglie-piemontesi-si-annulli-il-bando-e-si-proceda-con-regolari-domande-con-graduatorie\/\" \/>\n<meta property=\"og:site_name\" content=\"Partito Democratico\" \/>\n<meta property=\"article:published_time\" content=\"2026-04-21T12:22:03+00:00\" \/>\n<meta property=\"article:modified_time\" content=\"2026-04-21T12:22:04+00:00\" \/>\n<meta name=\"author\" content=\"apuglisi\" \/>\n<meta name=\"twitter:label1\" content=\"Scritto da\" \/>\n\t<meta name=\"twitter:data1\" content=\"apuglisi\" \/>\n\t<meta name=\"twitter:label2\" content=\"Tempo di lettura stimato\" \/>\n\t<meta name=\"twitter:data2\" content=\"1 minuto\" \/>\n<script type=\"application\/ld+json\" class=\"yoast-schema-graph\">{\"@context\":\"https:\/\/schema.org\",\"@graph\":[{\"@type\":\"WebPage\",\"@id\":\"\/web\/2026\/04\/21\/vesta-conticelli-ora-si-mostri-rispetto-per-le-famiglie-piemontesi-si-annulli-il-bando-e-si-proceda-con-regolari-domande-con-graduatorie\/\",\"url\":\"\/web\/2026\/04\/21\/vesta-conticelli-ora-si-mostri-rispetto-per-le-famiglie-piemontesi-si-annulli-il-bando-e-si-proceda-con-regolari-domande-con-graduatorie\/\",\"name\":\"VESTA. CONTICELLI: \u201cORA SI MOSTRI RISPETTO PER LE FAMIGLIE PIEMONTESI. SI ANNULLI IL BANDO E SI PROCEDA CON REGOLARI DOMANDE CON GRADUATORIE\u201d. - Partito Democratico\",\"isPartOf\":{\"@id\":\"\/web\/#website\"},\"datePublished\":\"2026-04-21T12:22:03+00:00\",\"dateModified\":\"2026-04-21T12:22:04+00:00\",\"author\":{\"@id\":\"\/web\/#\/schema\/person\/0c13e972954f051ef0b6604dcdcd093a\"},\"breadcrumb\":{\"@id\":\"\/web\/2026\/04\/21\/vesta-conticelli-ora-si-mostri-rispetto-per-le-famiglie-piemontesi-si-annulli-il-bando-e-si-proceda-con-regolari-domande-con-graduatorie\/#breadcrumb\"},\"inLanguage\":\"it-IT\",\"potentialAction\":[{\"@type\":\"ReadAction\",\"target\":[\"\/web\/2026\/04\/21\/vesta-conticelli-ora-si-mostri-rispetto-per-le-famiglie-piemontesi-si-annulli-il-bando-e-si-proceda-con-regolari-domande-con-graduatorie\/\"]}]},{\"@type\":\"BreadcrumbList\",\"@id\":\"\/web\/2026\/04\/21\/vesta-conticelli-ora-si-mostri-rispetto-per-le-famiglie-piemontesi-si-annulli-il-bando-e-si-proceda-con-regolari-domande-con-graduatorie\/#breadcrumb\",\"itemListElement\":[{\"@type\":\"ListItem\",\"position\":1,\"name\":\"Home\",\"item\":\"\/web\/\"},{\"@type\":\"ListItem\",\"position\":2,\"name\":\"VESTA. CONTICELLI: \u201cORA SI MOSTRI RISPETTO PER LE FAMIGLIE PIEMONTESI. SI ANNULLI IL BANDO E SI PROCEDA CON REGOLARI DOMANDE CON GRADUATORIE\u201d.\"}]},{\"@type\":\"WebSite\",\"@id\":\"\/web\/#website\",\"url\":\"\/web\/\",\"name\":\"Partito Democratico\",\"description\":\"\",\"potentialAction\":[{\"@type\":\"SearchAction\",\"target\":{\"@type\":\"EntryPoint\",\"urlTemplate\":\"\/web\/?s={search_term_string}\"},\"query-input\":\"required name=search_term_string\"}],\"inLanguage\":\"it-IT\"},{\"@type\":\"Person\",\"@id\":\"\/web\/#\/schema\/person\/0c13e972954f051ef0b6604dcdcd093a\",\"name\":\"apuglisi\",\"image\":{\"@type\":\"ImageObject\",\"inLanguage\":\"it-IT\",\"@id\":\"\/web\/#\/schema\/person\/image\/\",\"url\":\"http:\/\/2.gravatar.com\/avatar\/8f77005929681ecacb724a762adbc06b?s=96&d=mm&r=g\",\"contentUrl\":\"http:\/\/2.gravatar.com\/avatar\/8f77005929681ecacb724a762adbc06b?s=96&d=mm&r=g\",\"caption\":\"apuglisi\"},\"url\":\"\/web\/author\/apuglisi\/\"}]}<\/script>\n<!-- \/ Yoast SEO plugin. -->","yoast_head_json":{"title":"VESTA. CONTICELLI: \u201cORA SI MOSTRI RISPETTO PER LE FAMIGLIE PIEMONTESI. SI ANNULLI IL BANDO E SI PROCEDA CON REGOLARI DOMANDE CON GRADUATORIE\u201d. - Partito Democratico","robots":{"index":"index","follow":"follow","max-snippet":"max-snippet:-1","max-image-preview":"max-image-preview:large","max-video-preview":"max-video-preview:-1"},"canonical":"\/web\/2026\/04\/21\/vesta-conticelli-ora-si-mostri-rispetto-per-le-famiglie-piemontesi-si-annulli-il-bando-e-si-proceda-con-regolari-domande-con-graduatorie\/","og_locale":"it_IT","og_type":"article","og_title":"VESTA. CONTICELLI: \u201cORA SI MOSTRI RISPETTO PER LE FAMIGLIE PIEMONTESI. SI ANNULLI IL BANDO E SI PROCEDA CON REGOLARI DOMANDE CON GRADUATORIE\u201d. - Partito Democratico","og_description":"&#8220;Tutto ampiamente prevedibile: la corsa telematica al Bonus Vesta ha mandato in tilt il sistema dopo pochi minuti . Chiediamo non solo che l a giornata odierna naufragata miseramente non venga considerata , ma che l&#8217; assessore ritiri il bando e ne rilanci un altro , con regolare accesso attraverso domanda con graduatoria . &#8220;La [&hellip;]","og_url":"\/web\/2026\/04\/21\/vesta-conticelli-ora-si-mostri-rispetto-per-le-famiglie-piemontesi-si-annulli-il-bando-e-si-proceda-con-regolari-domande-con-graduatorie\/","og_site_name":"Partito Democratico","article_published_time":"2026-04-21T12:22:03+00:00","article_modified_time":"2026-04-21T12:22:04+00:00","author":"apuglisi","twitter_misc":{"Scritto da":"apuglisi","Tempo di lettura stimato":"1 minuto"},"schema":{"@context":"https:\/\/schema.org","@graph":[{"@type":"WebPage","@id":"\/web\/2026\/04\/21\/vesta-conticelli-ora-si-mostri-rispetto-per-le-famiglie-piemontesi-si-annulli-il-bando-e-si-proceda-con-regolari-domande-con-graduatorie\/","url":"\/web\/2026\/04\/21\/vesta-conticelli-ora-si-mostri-rispetto-per-le-famiglie-piemontesi-si-annulli-il-bando-e-si-proceda-con-regolari-domande-con-graduatorie\/","name":"VESTA. CONTICELLI: \u201cORA SI MOSTRI RISPETTO PER LE FAMIGLIE PIEMONTESI. SI ANNULLI IL BANDO E SI PROCEDA CON REGOLARI DOMANDE CON GRADUATORIE\u201d. - Partito Democratico","isPartOf":{"@id":"\/web\/#website"},"datePublished":"2026-04-21T12:22:03+00:00","dateModified":"2026-04-21T12:22:04+00:00","author":{"@id":"\/web\/#\/schema\/person\/0c13e972954f051ef0b6604dcdcd093a"},"breadcrumb":{"@id":"\/web\/2026\/04\/21\/vesta-conticelli-ora-si-mostri-rispetto-per-le-famiglie-piemontesi-si-annulli-il-bando-e-si-proceda-con-regolari-domande-con-graduatorie\/#breadcrumb"},"inLanguage":"it-IT","potentialAction":[{"@type":"ReadAction","target":["\/web\/2026\/04\/21\/vesta-conticelli-ora-si-mostri-rispetto-per-le-famiglie-piemontesi-si-annulli-il-bando-e-si-proceda-con-regolari-domande-con-graduatorie\/"]}]},{"@type":"BreadcrumbList","@id":"\/web\/2026\/04\/21\/vesta-conticelli-ora-si-mostri-rispetto-per-le-famiglie-piemontesi-si-annulli-il-bando-e-si-proceda-con-regolari-domande-con-graduatorie\/#breadcrumb","itemListElement":[{"@type":"ListItem","position":1,"name":"Home","item":"\/web\/"},{"@type":"ListItem","position":2,"name":"VESTA. CONTICELLI: \u201cORA SI MOSTRI RISPETTO PER LE FAMIGLIE PIEMONTESI. SI ANNULLI IL BANDO E SI PROCEDA CON REGOLARI DOMANDE CON GRADUATORIE\u201d."}]},{"@type":"WebSite","@id":"\/web\/#website","url":"\/web\/","name":"Partito Democratico","description":"","potentialAction":[{"@type":"SearchAction","target":{"@type":"EntryPoint","urlTemplate":"\/web\/?s={search_term_string}"},"query-input":"required name=search_term_string"}],"inLanguage":"it-IT"},{"@type":"Person","@id":"\/web\/#\/schema\/person\/0c13e972954f051ef0b6604dcdcd093a","name":"apuglisi","image":{"@type":"ImageObject","inLanguage":"it-IT","@id":"\/web\/#\/schema\/person\/image\/","url":"http:\/\/2.gravatar.com\/avatar\/8f77005929681ecacb724a762adbc06b?s=96&d=mm&r=g","contentUrl":"http:\/\/2.gravatar.com\/avatar\/8f77005929681ecacb724a762adbc06b?s=96&d=mm&r=g","caption":"apuglisi"},"url":"\/web\/author\/apuglisi\/"}]}},"_links":{"self":[{"href":"\/web\/wp-json\/wp\/v2\/posts\/3855"}],"collection":[{"href":"\/web\/wp-json\/wp\/v2\/posts"}],"about":[{"href":"\/web\/wp-json\/wp\/v2\/types\/post"}],"author":[{"embeddable":true,"href":"\/web\/wp-json\/wp\/v2\/users\/100"}],"replies":[{"embeddable":true,"href":"\/web\/wp-json\/wp\/v2\/comments?post=3855"}],"version-history":[{"count":1,"href":"\/web\/wp-json\/wp\/v2\/posts\/3855\/revisions"}],"predecessor-version":[{"id":3856,"href":"\/web\/wp-json\/wp\/v2\/posts\/3855\/revisions\/3856"}],"wp:attachment":[{"href":"\/web\/wp-json\/wp\/v2\/media?parent=3855"}],"wp:term":[{"taxonomy":"category","embeddable":true,"href":"\/web\/wp-json\/wp\/v2\/categories?post=3855"},{"taxonomy":"post_tag","embeddable":true,"href":"\/web\/wp-json\/wp\/v2\/tags?post=3855"}],"curies":[{"name":"wp","href":"https:\/\/api.w.org\/{rel}","templated":true}]}}