{"id":3853,"date":"2026-04-21T13:09:13","date_gmt":"2026-04-21T11:09:13","guid":{"rendered":"\/web\/?p=3853"},"modified":"2026-04-21T13:09:15","modified_gmt":"2026-04-21T11:09:15","slug":"conticelli-pentenero-la-riforma-degli-istituti-tecnici-impoverisce-lofferta-didattica-ed-educativa-la-regione-chieda-una-dilazione-di-almeno-un-anno-scolastico-domani","status":"publish","type":"post","link":"\/web\/2026\/04\/21\/conticelli-pentenero-la-riforma-degli-istituti-tecnici-impoverisce-lofferta-didattica-ed-educativa-la-regione-chieda-una-dilazione-di-almeno-un-anno-scolastico-domani\/","title":{"rendered":"CONTICELLI\u00a0 &#8211;\u00a0 PENTENERO: LA RIFORMA DEGLI ISTITUTI TECNICI IMPOVERISCE L\u2019OFFERTA DIDATTICA ED EDUCATIVA. LA REGIONE CHIEDA UNA DILAZIONE DI ALMENO UN ANNO SCOLASTICO.\u00a0DOMANI\u00a0IN AULA UNA NOSTRA INTERROGAZIONE URGENTE"},"content":{"rendered":"\n<p>&#8220;Abbiamo partecipato&nbsp;oggi&nbsp;pomeriggio al presidio promosso dalla Rete degli istituti superiori in mobilitazione di Torino e area metropolitana contro il riordino degli istituti tecnici e con Flc Cgil, Cub Sur, Cobas scuola, Usb scuola, Fgu Gilda Unams e Assemblea scuola Torino. Una rete che si sta costituendo in tutta Italia e che parte da Torino, con l\u2019adesione di ben 25 istituti tecnici.<\/p>\n\n\n\n<p>&#8220;Abbiamo presentato un\u2019interrogazione urgente che sar\u00e0 discussa&nbsp;domani&nbsp;pomeriggio in consiglio regionale perch\u00e9 la nuova assessore all\u2019Istruzione ci illustri con tempestivit\u00e0 quali iniziative intenda intraprendere, nell\u2019ambito delle proprie competenze, per tutelare la qualit\u00e0 dell\u2019offerta formativa e il ruolo della scuola pubblica sul territorio piemontese&nbsp;<\/p>\n\n\n\n<p>&#8220;Questa sorte di riforma, dormiente da un paio di anni, con una frettolosa sperimentazione, della quale non si hanno n\u00e9 dati n\u00e9 esiti, non pu\u00f2 trovare applicazione in fretta e furia per il prossimo anno scolastico, ad iscrizioni gi\u00e0 concluse. Vengono disgregati i quadri orari delle materie, si taglia pesantemente sulla didattica e sull\u2019educazione, che rappresentano il fulcro fondamentale della scuola, soprattutto nel primo biennio.&nbsp; &nbsp;<\/p>\n\n\n\n<p>&#8220;Contro questo riordino, che scardina il progetto didattico educativo incentrato sullo studente, si sono espressi molti Collegi docenti degli istituti interessati.&nbsp; La riduzione del tempo scuola, con il conseguente rischio di riduzione dei saperi e esuberi per il personale docente, il taglio delle discipline umanistiche e scientifiche, con l\u2019impoverimento dell\u2019offerta formativa, il superamento del biennio comune e l\u2019anticipazione delle scelte formative degli studenti con l\u2019abbassamento dell\u2019et\u00e0 per l\u2019accesso ai percorsi di formazione scuola-lavoro corrono il rischio di trasformare la scuola in direzione eccessivamente orientato alle esigenze produttive, a scapito della sua funzione educativa e formativa.<\/p>\n\n\n\n<p>&#8220;In pi\u00f9, i nuovi quadri orario parcellizzano le cattedre, rendendo difficile la composizione oraria, la continuit\u00e0 didattica e la stessa organizzazione scolastica nella composizione delle cattedre e del quadro orario.<\/p>\n\n\n\n<p>&#8220;Nel momento in cui il mondo del lavoro, anche tecnico, chiede sempre di pi\u00f9 una formazione che non trascuri nel suo percorso le conoscenze umanistiche, il Mistero non pu\u00f2 distrarsi applicando modelli non adatti ai tempi dei nostri giovani e della richiesta proveniente dal mondo del lavoro. Chiediamo che la Regione si faccia parte attiva nell\u2019interlocuzione con il Governo e nell\u2019accogliere le esigenze del mondo scolastico piemontese&#8221;.<\/p>\n\n\n\n<p><strong>Lo dichiarano Nadia Conticelli, consigliera regionale PD<\/strong><\/p>\n\n\n\n<p><strong>Gianna Pentenero, presidente Gruppo PD<\/strong><\/p>\n","protected":false},"excerpt":{"rendered":"<p>&#8220;Abbiamo partecipato&nbsp;oggi&nbsp;pomeriggio al presidio promosso dalla Rete degli istituti superiori in mobilitazione di Torino e area metropolitana contro il riordino degli istituti tecnici e con Flc Cgil, Cub Sur, Cobas scuola, Usb scuola, Fgu Gilda Unams e Assemblea scuola Torino. Una rete che si sta costituendo in tutta Italia e che parte da Torino, con [&hellip;]<\/p>\n","protected":false},"author":100,"featured_media":0,"comment_status":"closed","ping_status":"closed","sticky":false,"template":"","format":"standard","meta":[],"categories":[4,59],"tags":[44,70],"yoast_head":"<!-- This site is optimized with the Yoast SEO plugin v19.12 - https:\/\/yoast.com\/wordpress\/plugins\/seo\/ -->\n<title>CONTICELLI\u00a0 -\u00a0 PENTENERO: LA RIFORMA DEGLI ISTITUTI TECNICI IMPOVERISCE L\u2019OFFERTA DIDATTICA ED EDUCATIVA. LA REGIONE CHIEDA UNA DILAZIONE DI ALMENO UN ANNO SCOLASTICO.\u00a0DOMANI\u00a0IN AULA UNA NOSTRA INTERROGAZIONE URGENTE - Partito Democratico<\/title>\n<meta name=\"robots\" content=\"index, follow, max-snippet:-1, max-image-preview:large, max-video-preview:-1\" \/>\n<link rel=\"canonical\" href=\"\/web\/2026\/04\/21\/conticelli-pentenero-la-riforma-degli-istituti-tecnici-impoverisce-lofferta-didattica-ed-educativa-la-regione-chieda-una-dilazione-di-almeno-un-anno-scolastico-domani\/\" \/>\n<meta property=\"og:locale\" content=\"it_IT\" \/>\n<meta property=\"og:type\" content=\"article\" \/>\n<meta property=\"og:title\" content=\"CONTICELLI\u00a0 -\u00a0 PENTENERO: LA RIFORMA DEGLI ISTITUTI TECNICI IMPOVERISCE L\u2019OFFERTA DIDATTICA ED EDUCATIVA. LA REGIONE CHIEDA UNA DILAZIONE DI ALMENO UN ANNO SCOLASTICO.\u00a0DOMANI\u00a0IN AULA UNA NOSTRA INTERROGAZIONE URGENTE - Partito Democratico\" \/>\n<meta property=\"og:description\" content=\"&#8220;Abbiamo partecipato&nbsp;oggi&nbsp;pomeriggio al presidio promosso dalla Rete degli istituti superiori in mobilitazione di Torino e area metropolitana contro il riordino degli istituti tecnici e con Flc Cgil, Cub Sur, Cobas scuola, Usb scuola, Fgu Gilda Unams e Assemblea scuola Torino. Una rete che si sta costituendo in tutta Italia e che parte da Torino, con [&hellip;]\" \/>\n<meta property=\"og:url\" content=\"\/web\/2026\/04\/21\/conticelli-pentenero-la-riforma-degli-istituti-tecnici-impoverisce-lofferta-didattica-ed-educativa-la-regione-chieda-una-dilazione-di-almeno-un-anno-scolastico-domani\/\" \/>\n<meta property=\"og:site_name\" content=\"Partito Democratico\" \/>\n<meta property=\"article:published_time\" content=\"2026-04-21T11:09:13+00:00\" \/>\n<meta property=\"article:modified_time\" content=\"2026-04-21T11:09:15+00:00\" \/>\n<meta name=\"author\" content=\"apuglisi\" \/>\n<meta name=\"twitter:label1\" content=\"Scritto da\" \/>\n\t<meta name=\"twitter:data1\" content=\"apuglisi\" \/>\n\t<meta name=\"twitter:label2\" content=\"Tempo di lettura stimato\" \/>\n\t<meta name=\"twitter:data2\" content=\"2 minuti\" \/>\n<script type=\"application\/ld+json\" class=\"yoast-schema-graph\">{\"@context\":\"https:\/\/schema.org\",\"@graph\":[{\"@type\":\"WebPage\",\"@id\":\"\/web\/2026\/04\/21\/conticelli-pentenero-la-riforma-degli-istituti-tecnici-impoverisce-lofferta-didattica-ed-educativa-la-regione-chieda-una-dilazione-di-almeno-un-anno-scolastico-domani\/\",\"url\":\"\/web\/2026\/04\/21\/conticelli-pentenero-la-riforma-degli-istituti-tecnici-impoverisce-lofferta-didattica-ed-educativa-la-regione-chieda-una-dilazione-di-almeno-un-anno-scolastico-domani\/\",\"name\":\"CONTICELLI\u00a0 -\u00a0 PENTENERO: LA RIFORMA DEGLI ISTITUTI TECNICI IMPOVERISCE L\u2019OFFERTA DIDATTICA ED EDUCATIVA. LA REGIONE CHIEDA UNA DILAZIONE DI ALMENO UN ANNO SCOLASTICO.\u00a0DOMANI\u00a0IN AULA UNA NOSTRA INTERROGAZIONE URGENTE - Partito Democratico\",\"isPartOf\":{\"@id\":\"\/web\/#website\"},\"datePublished\":\"2026-04-21T11:09:13+00:00\",\"dateModified\":\"2026-04-21T11:09:15+00:00\",\"author\":{\"@id\":\"\/web\/#\/schema\/person\/0c13e972954f051ef0b6604dcdcd093a\"},\"breadcrumb\":{\"@id\":\"\/web\/2026\/04\/21\/conticelli-pentenero-la-riforma-degli-istituti-tecnici-impoverisce-lofferta-didattica-ed-educativa-la-regione-chieda-una-dilazione-di-almeno-un-anno-scolastico-domani\/#breadcrumb\"},\"inLanguage\":\"it-IT\",\"potentialAction\":[{\"@type\":\"ReadAction\",\"target\":[\"\/web\/2026\/04\/21\/conticelli-pentenero-la-riforma-degli-istituti-tecnici-impoverisce-lofferta-didattica-ed-educativa-la-regione-chieda-una-dilazione-di-almeno-un-anno-scolastico-domani\/\"]}]},{\"@type\":\"BreadcrumbList\",\"@id\":\"\/web\/2026\/04\/21\/conticelli-pentenero-la-riforma-degli-istituti-tecnici-impoverisce-lofferta-didattica-ed-educativa-la-regione-chieda-una-dilazione-di-almeno-un-anno-scolastico-domani\/#breadcrumb\",\"itemListElement\":[{\"@type\":\"ListItem\",\"position\":1,\"name\":\"Home\",\"item\":\"\/web\/\"},{\"@type\":\"ListItem\",\"position\":2,\"name\":\"CONTICELLI\u00a0 &#8211;\u00a0 PENTENERO: LA RIFORMA DEGLI ISTITUTI TECNICI IMPOVERISCE L\u2019OFFERTA DIDATTICA ED EDUCATIVA. LA REGIONE CHIEDA UNA DILAZIONE DI ALMENO UN ANNO SCOLASTICO.\u00a0DOMANI\u00a0IN AULA UNA NOSTRA INTERROGAZIONE URGENTE\"}]},{\"@type\":\"WebSite\",\"@id\":\"\/web\/#website\",\"url\":\"\/web\/\",\"name\":\"Partito Democratico\",\"description\":\"\",\"potentialAction\":[{\"@type\":\"SearchAction\",\"target\":{\"@type\":\"EntryPoint\",\"urlTemplate\":\"\/web\/?s={search_term_string}\"},\"query-input\":\"required name=search_term_string\"}],\"inLanguage\":\"it-IT\"},{\"@type\":\"Person\",\"@id\":\"\/web\/#\/schema\/person\/0c13e972954f051ef0b6604dcdcd093a\",\"name\":\"apuglisi\",\"image\":{\"@type\":\"ImageObject\",\"inLanguage\":\"it-IT\",\"@id\":\"\/web\/#\/schema\/person\/image\/\",\"url\":\"http:\/\/2.gravatar.com\/avatar\/8f77005929681ecacb724a762adbc06b?s=96&d=mm&r=g\",\"contentUrl\":\"http:\/\/2.gravatar.com\/avatar\/8f77005929681ecacb724a762adbc06b?s=96&d=mm&r=g\",\"caption\":\"apuglisi\"},\"url\":\"\/web\/author\/apuglisi\/\"}]}<\/script>\n<!-- \/ Yoast SEO plugin. -->","yoast_head_json":{"title":"CONTICELLI\u00a0 -\u00a0 PENTENERO: LA RIFORMA DEGLI ISTITUTI TECNICI IMPOVERISCE L\u2019OFFERTA DIDATTICA ED EDUCATIVA. LA REGIONE CHIEDA UNA DILAZIONE DI ALMENO UN ANNO SCOLASTICO.\u00a0DOMANI\u00a0IN AULA UNA NOSTRA INTERROGAZIONE URGENTE - Partito Democratico","robots":{"index":"index","follow":"follow","max-snippet":"max-snippet:-1","max-image-preview":"max-image-preview:large","max-video-preview":"max-video-preview:-1"},"canonical":"\/web\/2026\/04\/21\/conticelli-pentenero-la-riforma-degli-istituti-tecnici-impoverisce-lofferta-didattica-ed-educativa-la-regione-chieda-una-dilazione-di-almeno-un-anno-scolastico-domani\/","og_locale":"it_IT","og_type":"article","og_title":"CONTICELLI\u00a0 -\u00a0 PENTENERO: LA RIFORMA DEGLI ISTITUTI TECNICI IMPOVERISCE L\u2019OFFERTA DIDATTICA ED EDUCATIVA. LA REGIONE CHIEDA UNA DILAZIONE DI ALMENO UN ANNO SCOLASTICO.\u00a0DOMANI\u00a0IN AULA UNA NOSTRA INTERROGAZIONE URGENTE - Partito Democratico","og_description":"&#8220;Abbiamo partecipato&nbsp;oggi&nbsp;pomeriggio al presidio promosso dalla Rete degli istituti superiori in mobilitazione di Torino e area metropolitana contro il riordino degli istituti tecnici e con Flc Cgil, Cub Sur, Cobas scuola, Usb scuola, Fgu Gilda Unams e Assemblea scuola Torino. Una rete che si sta costituendo in tutta Italia e che parte da Torino, con [&hellip;]","og_url":"\/web\/2026\/04\/21\/conticelli-pentenero-la-riforma-degli-istituti-tecnici-impoverisce-lofferta-didattica-ed-educativa-la-regione-chieda-una-dilazione-di-almeno-un-anno-scolastico-domani\/","og_site_name":"Partito Democratico","article_published_time":"2026-04-21T11:09:13+00:00","article_modified_time":"2026-04-21T11:09:15+00:00","author":"apuglisi","twitter_misc":{"Scritto da":"apuglisi","Tempo di lettura stimato":"2 minuti"},"schema":{"@context":"https:\/\/schema.org","@graph":[{"@type":"WebPage","@id":"\/web\/2026\/04\/21\/conticelli-pentenero-la-riforma-degli-istituti-tecnici-impoverisce-lofferta-didattica-ed-educativa-la-regione-chieda-una-dilazione-di-almeno-un-anno-scolastico-domani\/","url":"\/web\/2026\/04\/21\/conticelli-pentenero-la-riforma-degli-istituti-tecnici-impoverisce-lofferta-didattica-ed-educativa-la-regione-chieda-una-dilazione-di-almeno-un-anno-scolastico-domani\/","name":"CONTICELLI\u00a0 -\u00a0 PENTENERO: LA RIFORMA DEGLI ISTITUTI TECNICI IMPOVERISCE L\u2019OFFERTA DIDATTICA ED EDUCATIVA. LA REGIONE CHIEDA UNA DILAZIONE DI ALMENO UN ANNO SCOLASTICO.\u00a0DOMANI\u00a0IN AULA UNA NOSTRA INTERROGAZIONE URGENTE - Partito Democratico","isPartOf":{"@id":"\/web\/#website"},"datePublished":"2026-04-21T11:09:13+00:00","dateModified":"2026-04-21T11:09:15+00:00","author":{"@id":"\/web\/#\/schema\/person\/0c13e972954f051ef0b6604dcdcd093a"},"breadcrumb":{"@id":"\/web\/2026\/04\/21\/conticelli-pentenero-la-riforma-degli-istituti-tecnici-impoverisce-lofferta-didattica-ed-educativa-la-regione-chieda-una-dilazione-di-almeno-un-anno-scolastico-domani\/#breadcrumb"},"inLanguage":"it-IT","potentialAction":[{"@type":"ReadAction","target":["\/web\/2026\/04\/21\/conticelli-pentenero-la-riforma-degli-istituti-tecnici-impoverisce-lofferta-didattica-ed-educativa-la-regione-chieda-una-dilazione-di-almeno-un-anno-scolastico-domani\/"]}]},{"@type":"BreadcrumbList","@id":"\/web\/2026\/04\/21\/conticelli-pentenero-la-riforma-degli-istituti-tecnici-impoverisce-lofferta-didattica-ed-educativa-la-regione-chieda-una-dilazione-di-almeno-un-anno-scolastico-domani\/#breadcrumb","itemListElement":[{"@type":"ListItem","position":1,"name":"Home","item":"\/web\/"},{"@type":"ListItem","position":2,"name":"CONTICELLI\u00a0 &#8211;\u00a0 PENTENERO: LA RIFORMA DEGLI ISTITUTI TECNICI IMPOVERISCE L\u2019OFFERTA DIDATTICA ED EDUCATIVA. LA REGIONE CHIEDA UNA DILAZIONE DI ALMENO UN ANNO SCOLASTICO.\u00a0DOMANI\u00a0IN AULA UNA NOSTRA INTERROGAZIONE URGENTE"}]},{"@type":"WebSite","@id":"\/web\/#website","url":"\/web\/","name":"Partito Democratico","description":"","potentialAction":[{"@type":"SearchAction","target":{"@type":"EntryPoint","urlTemplate":"\/web\/?s={search_term_string}"},"query-input":"required name=search_term_string"}],"inLanguage":"it-IT"},{"@type":"Person","@id":"\/web\/#\/schema\/person\/0c13e972954f051ef0b6604dcdcd093a","name":"apuglisi","image":{"@type":"ImageObject","inLanguage":"it-IT","@id":"\/web\/#\/schema\/person\/image\/","url":"http:\/\/2.gravatar.com\/avatar\/8f77005929681ecacb724a762adbc06b?s=96&d=mm&r=g","contentUrl":"http:\/\/2.gravatar.com\/avatar\/8f77005929681ecacb724a762adbc06b?s=96&d=mm&r=g","caption":"apuglisi"},"url":"\/web\/author\/apuglisi\/"}]}},"_links":{"self":[{"href":"\/web\/wp-json\/wp\/v2\/posts\/3853"}],"collection":[{"href":"\/web\/wp-json\/wp\/v2\/posts"}],"about":[{"href":"\/web\/wp-json\/wp\/v2\/types\/post"}],"author":[{"embeddable":true,"href":"\/web\/wp-json\/wp\/v2\/users\/100"}],"replies":[{"embeddable":true,"href":"\/web\/wp-json\/wp\/v2\/comments?post=3853"}],"version-history":[{"count":1,"href":"\/web\/wp-json\/wp\/v2\/posts\/3853\/revisions"}],"predecessor-version":[{"id":3854,"href":"\/web\/wp-json\/wp\/v2\/posts\/3853\/revisions\/3854"}],"wp:attachment":[{"href":"\/web\/wp-json\/wp\/v2\/media?parent=3853"}],"wp:term":[{"taxonomy":"category","embeddable":true,"href":"\/web\/wp-json\/wp\/v2\/categories?post=3853"},{"taxonomy":"post_tag","embeddable":true,"href":"\/web\/wp-json\/wp\/v2\/tags?post=3853"}],"curies":[{"name":"wp","href":"https:\/\/api.w.org\/{rel}","templated":true}]}}