{"id":3851,"date":"2026-04-21T13:06:59","date_gmt":"2026-04-21T11:06:59","guid":{"rendered":"\/web\/?p=3851"},"modified":"2026-04-21T13:07:01","modified_gmt":"2026-04-21T11:07:01","slug":"a-vercelli-vandali-in-azione-con-la-bomboletta-spray-con-disegni-offensivi-sul-monumento-dedicato-alla-resistenza-situato-nel-parco-camana","status":"publish","type":"post","link":"\/web\/2026\/04\/21\/a-vercelli-vandali-in-azione-con-la-bomboletta-spray-con-disegni-offensivi-sul-monumento-dedicato-alla-resistenza-situato-nel-parco-camana\/","title":{"rendered":"A Vercelli, vandali in azione con la bomboletta spray con disegni offensivi sul monumento dedicato alla Resistenza, situato nel parco Camana."},"content":{"rendered":"\n<p>\u201cL\u2019inaccettabile episodio \u00e8 avvenuto a pochi giorni dal 25 Aprile, Festa della Liberazione, e questo lo rende, se possibile, ancora pi\u00f9 grave. Non \u00e8 solo incivilt\u00e0, ma un gesto che colpisce la memoria collettiva di tutto il territorio. Questi simboli non sono semplici monumenti: rappresentano il sacrificio di uomini e donne che hanno lottato per la libert\u00e0 di tutti noi, pagando con la vita. La condanna di questo vile gesto spero sia unanime tra le forze politiche, perch\u00e9 difendere la memoria della Resistenza significa difendere i valori democratici su cui si fonda la nostra Repubblica. Ed \u00e8 una responsabilit\u00e0 che riguarda tutti\u201d <\/p>\n\n\n\n<p>commenta la <strong>Consigliera regionale PD del vercellese Simona Paonessa.<\/strong><\/p>\n","protected":false},"excerpt":{"rendered":"<p>\u201cL\u2019inaccettabile episodio \u00e8 avvenuto a pochi giorni dal 25 Aprile, Festa della Liberazione, e questo lo rende, se possibile, ancora pi\u00f9 grave. Non \u00e8 solo incivilt\u00e0, ma un gesto che colpisce la memoria collettiva di tutto il territorio. Questi simboli non sono semplici monumenti: rappresentano il sacrificio di uomini e donne che hanno lottato per [&hellip;]<\/p>\n","protected":false},"author":100,"featured_media":0,"comment_status":"closed","ping_status":"closed","sticky":false,"template":"","format":"standard","meta":[],"categories":[22,58,53],"tags":[91],"yoast_head":"<!-- This site is optimized with the Yoast SEO plugin v19.12 - https:\/\/yoast.com\/wordpress\/plugins\/seo\/ -->\n<title>A Vercelli, vandali in azione con la bomboletta spray con disegni offensivi sul monumento dedicato alla Resistenza, situato nel parco Camana. - Partito Democratico<\/title>\n<meta name=\"robots\" content=\"index, follow, max-snippet:-1, max-image-preview:large, max-video-preview:-1\" \/>\n<link rel=\"canonical\" href=\"\/web\/2026\/04\/21\/a-vercelli-vandali-in-azione-con-la-bomboletta-spray-con-disegni-offensivi-sul-monumento-dedicato-alla-resistenza-situato-nel-parco-camana\/\" \/>\n<meta property=\"og:locale\" content=\"it_IT\" \/>\n<meta property=\"og:type\" content=\"article\" \/>\n<meta property=\"og:title\" content=\"A Vercelli, vandali in azione con la bomboletta spray con disegni offensivi sul monumento dedicato alla Resistenza, situato nel parco Camana. - Partito Democratico\" \/>\n<meta property=\"og:description\" content=\"\u201cL\u2019inaccettabile episodio \u00e8 avvenuto a pochi giorni dal 25 Aprile, Festa della Liberazione, e questo lo rende, se possibile, ancora pi\u00f9 grave. Non \u00e8 solo incivilt\u00e0, ma un gesto che colpisce la memoria collettiva di tutto il territorio. Questi simboli non sono semplici monumenti: rappresentano il sacrificio di uomini e donne che hanno lottato per [&hellip;]\" \/>\n<meta property=\"og:url\" content=\"\/web\/2026\/04\/21\/a-vercelli-vandali-in-azione-con-la-bomboletta-spray-con-disegni-offensivi-sul-monumento-dedicato-alla-resistenza-situato-nel-parco-camana\/\" \/>\n<meta property=\"og:site_name\" content=\"Partito Democratico\" \/>\n<meta property=\"article:published_time\" content=\"2026-04-21T11:06:59+00:00\" \/>\n<meta property=\"article:modified_time\" content=\"2026-04-21T11:07:01+00:00\" \/>\n<meta name=\"author\" content=\"apuglisi\" \/>\n<meta name=\"twitter:label1\" content=\"Scritto da\" \/>\n\t<meta name=\"twitter:data1\" content=\"apuglisi\" \/>\n\t<meta name=\"twitter:label2\" content=\"Tempo di lettura stimato\" \/>\n\t<meta name=\"twitter:data2\" content=\"1 minuto\" \/>\n<script type=\"application\/ld+json\" class=\"yoast-schema-graph\">{\"@context\":\"https:\/\/schema.org\",\"@graph\":[{\"@type\":\"WebPage\",\"@id\":\"\/web\/2026\/04\/21\/a-vercelli-vandali-in-azione-con-la-bomboletta-spray-con-disegni-offensivi-sul-monumento-dedicato-alla-resistenza-situato-nel-parco-camana\/\",\"url\":\"\/web\/2026\/04\/21\/a-vercelli-vandali-in-azione-con-la-bomboletta-spray-con-disegni-offensivi-sul-monumento-dedicato-alla-resistenza-situato-nel-parco-camana\/\",\"name\":\"A Vercelli, vandali in azione con la bomboletta spray con disegni offensivi sul monumento dedicato alla Resistenza, situato nel parco Camana. - Partito Democratico\",\"isPartOf\":{\"@id\":\"\/web\/#website\"},\"datePublished\":\"2026-04-21T11:06:59+00:00\",\"dateModified\":\"2026-04-21T11:07:01+00:00\",\"author\":{\"@id\":\"\/web\/#\/schema\/person\/0c13e972954f051ef0b6604dcdcd093a\"},\"breadcrumb\":{\"@id\":\"\/web\/2026\/04\/21\/a-vercelli-vandali-in-azione-con-la-bomboletta-spray-con-disegni-offensivi-sul-monumento-dedicato-alla-resistenza-situato-nel-parco-camana\/#breadcrumb\"},\"inLanguage\":\"it-IT\",\"potentialAction\":[{\"@type\":\"ReadAction\",\"target\":[\"\/web\/2026\/04\/21\/a-vercelli-vandali-in-azione-con-la-bomboletta-spray-con-disegni-offensivi-sul-monumento-dedicato-alla-resistenza-situato-nel-parco-camana\/\"]}]},{\"@type\":\"BreadcrumbList\",\"@id\":\"\/web\/2026\/04\/21\/a-vercelli-vandali-in-azione-con-la-bomboletta-spray-con-disegni-offensivi-sul-monumento-dedicato-alla-resistenza-situato-nel-parco-camana\/#breadcrumb\",\"itemListElement\":[{\"@type\":\"ListItem\",\"position\":1,\"name\":\"Home\",\"item\":\"\/web\/\"},{\"@type\":\"ListItem\",\"position\":2,\"name\":\"A Vercelli, vandali in azione con la bomboletta spray con disegni offensivi sul monumento dedicato alla Resistenza, situato nel parco Camana.\"}]},{\"@type\":\"WebSite\",\"@id\":\"\/web\/#website\",\"url\":\"\/web\/\",\"name\":\"Partito Democratico\",\"description\":\"\",\"potentialAction\":[{\"@type\":\"SearchAction\",\"target\":{\"@type\":\"EntryPoint\",\"urlTemplate\":\"\/web\/?s={search_term_string}\"},\"query-input\":\"required name=search_term_string\"}],\"inLanguage\":\"it-IT\"},{\"@type\":\"Person\",\"@id\":\"\/web\/#\/schema\/person\/0c13e972954f051ef0b6604dcdcd093a\",\"name\":\"apuglisi\",\"image\":{\"@type\":\"ImageObject\",\"inLanguage\":\"it-IT\",\"@id\":\"\/web\/#\/schema\/person\/image\/\",\"url\":\"http:\/\/2.gravatar.com\/avatar\/8f77005929681ecacb724a762adbc06b?s=96&d=mm&r=g\",\"contentUrl\":\"http:\/\/2.gravatar.com\/avatar\/8f77005929681ecacb724a762adbc06b?s=96&d=mm&r=g\",\"caption\":\"apuglisi\"},\"url\":\"\/web\/author\/apuglisi\/\"}]}<\/script>\n<!-- \/ Yoast SEO plugin. -->","yoast_head_json":{"title":"A Vercelli, vandali in azione con la bomboletta spray con disegni offensivi sul monumento dedicato alla Resistenza, situato nel parco Camana. - Partito Democratico","robots":{"index":"index","follow":"follow","max-snippet":"max-snippet:-1","max-image-preview":"max-image-preview:large","max-video-preview":"max-video-preview:-1"},"canonical":"\/web\/2026\/04\/21\/a-vercelli-vandali-in-azione-con-la-bomboletta-spray-con-disegni-offensivi-sul-monumento-dedicato-alla-resistenza-situato-nel-parco-camana\/","og_locale":"it_IT","og_type":"article","og_title":"A Vercelli, vandali in azione con la bomboletta spray con disegni offensivi sul monumento dedicato alla Resistenza, situato nel parco Camana. - Partito Democratico","og_description":"\u201cL\u2019inaccettabile episodio \u00e8 avvenuto a pochi giorni dal 25 Aprile, Festa della Liberazione, e questo lo rende, se possibile, ancora pi\u00f9 grave. Non \u00e8 solo incivilt\u00e0, ma un gesto che colpisce la memoria collettiva di tutto il territorio. Questi simboli non sono semplici monumenti: rappresentano il sacrificio di uomini e donne che hanno lottato per [&hellip;]","og_url":"\/web\/2026\/04\/21\/a-vercelli-vandali-in-azione-con-la-bomboletta-spray-con-disegni-offensivi-sul-monumento-dedicato-alla-resistenza-situato-nel-parco-camana\/","og_site_name":"Partito Democratico","article_published_time":"2026-04-21T11:06:59+00:00","article_modified_time":"2026-04-21T11:07:01+00:00","author":"apuglisi","twitter_misc":{"Scritto da":"apuglisi","Tempo di lettura stimato":"1 minuto"},"schema":{"@context":"https:\/\/schema.org","@graph":[{"@type":"WebPage","@id":"\/web\/2026\/04\/21\/a-vercelli-vandali-in-azione-con-la-bomboletta-spray-con-disegni-offensivi-sul-monumento-dedicato-alla-resistenza-situato-nel-parco-camana\/","url":"\/web\/2026\/04\/21\/a-vercelli-vandali-in-azione-con-la-bomboletta-spray-con-disegni-offensivi-sul-monumento-dedicato-alla-resistenza-situato-nel-parco-camana\/","name":"A Vercelli, vandali in azione con la bomboletta spray con disegni offensivi sul monumento dedicato alla Resistenza, situato nel parco Camana. - Partito Democratico","isPartOf":{"@id":"\/web\/#website"},"datePublished":"2026-04-21T11:06:59+00:00","dateModified":"2026-04-21T11:07:01+00:00","author":{"@id":"\/web\/#\/schema\/person\/0c13e972954f051ef0b6604dcdcd093a"},"breadcrumb":{"@id":"\/web\/2026\/04\/21\/a-vercelli-vandali-in-azione-con-la-bomboletta-spray-con-disegni-offensivi-sul-monumento-dedicato-alla-resistenza-situato-nel-parco-camana\/#breadcrumb"},"inLanguage":"it-IT","potentialAction":[{"@type":"ReadAction","target":["\/web\/2026\/04\/21\/a-vercelli-vandali-in-azione-con-la-bomboletta-spray-con-disegni-offensivi-sul-monumento-dedicato-alla-resistenza-situato-nel-parco-camana\/"]}]},{"@type":"BreadcrumbList","@id":"\/web\/2026\/04\/21\/a-vercelli-vandali-in-azione-con-la-bomboletta-spray-con-disegni-offensivi-sul-monumento-dedicato-alla-resistenza-situato-nel-parco-camana\/#breadcrumb","itemListElement":[{"@type":"ListItem","position":1,"name":"Home","item":"\/web\/"},{"@type":"ListItem","position":2,"name":"A Vercelli, vandali in azione con la bomboletta spray con disegni offensivi sul monumento dedicato alla Resistenza, situato nel parco Camana."}]},{"@type":"WebSite","@id":"\/web\/#website","url":"\/web\/","name":"Partito Democratico","description":"","potentialAction":[{"@type":"SearchAction","target":{"@type":"EntryPoint","urlTemplate":"\/web\/?s={search_term_string}"},"query-input":"required name=search_term_string"}],"inLanguage":"it-IT"},{"@type":"Person","@id":"\/web\/#\/schema\/person\/0c13e972954f051ef0b6604dcdcd093a","name":"apuglisi","image":{"@type":"ImageObject","inLanguage":"it-IT","@id":"\/web\/#\/schema\/person\/image\/","url":"http:\/\/2.gravatar.com\/avatar\/8f77005929681ecacb724a762adbc06b?s=96&d=mm&r=g","contentUrl":"http:\/\/2.gravatar.com\/avatar\/8f77005929681ecacb724a762adbc06b?s=96&d=mm&r=g","caption":"apuglisi"},"url":"\/web\/author\/apuglisi\/"}]}},"_links":{"self":[{"href":"\/web\/wp-json\/wp\/v2\/posts\/3851"}],"collection":[{"href":"\/web\/wp-json\/wp\/v2\/posts"}],"about":[{"href":"\/web\/wp-json\/wp\/v2\/types\/post"}],"author":[{"embeddable":true,"href":"\/web\/wp-json\/wp\/v2\/users\/100"}],"replies":[{"embeddable":true,"href":"\/web\/wp-json\/wp\/v2\/comments?post=3851"}],"version-history":[{"count":1,"href":"\/web\/wp-json\/wp\/v2\/posts\/3851\/revisions"}],"predecessor-version":[{"id":3852,"href":"\/web\/wp-json\/wp\/v2\/posts\/3851\/revisions\/3852"}],"wp:attachment":[{"href":"\/web\/wp-json\/wp\/v2\/media?parent=3851"}],"wp:term":[{"taxonomy":"category","embeddable":true,"href":"\/web\/wp-json\/wp\/v2\/categories?post=3851"},{"taxonomy":"post_tag","embeddable":true,"href":"\/web\/wp-json\/wp\/v2\/tags?post=3851"}],"curies":[{"name":"wp","href":"https:\/\/api.w.org\/{rel}","templated":true}]}}