{"id":3849,"date":"2026-04-20T12:51:58","date_gmt":"2026-04-20T10:51:58","guid":{"rendered":"\/web\/?p=3849"},"modified":"2026-04-20T12:52:00","modified_gmt":"2026-04-20T10:52:00","slug":"case-di-comunita-in-provincia-di-cuneo-bene-lavvio-ma-dalla-giunta-regionale-troppe-incognite-su-obiettivi-risorse-e-tempi","status":"publish","type":"post","link":"\/web\/2026\/04\/20\/case-di-comunita-in-provincia-di-cuneo-bene-lavvio-ma-dalla-giunta-regionale-troppe-incognite-su-obiettivi-risorse-e-tempi\/","title":{"rendered":"CASE DI COMUNITA\u2019 IN PROVINCIA DI CUNEO: BENE L\u2019AVVIO, MA DALLA GIUNTA REGIONALE TROPPE INCOGNITE SU OBIETTIVI, RISORSE E TEMPI"},"content":{"rendered":"\n<p>Torino, 20 aprile 2026 \u2013 \u00abL\u2019apertura delle prime tre Case di Comunit\u00e0 in provincia di Cuneo rappresenta senza dubbio un passaggio importante per il rafforzamento della sanit\u00e0 territoriale. Tuttavia, a fronte di questo avvio, continuano a mancare elementi fondamentali di chiarezza da parte della Giunta regionale su obiettivi minimi, risorse disponibili e tempi certi di attuazione\u00bb. Lo dichiara il consigliere regionale Mauro Calderoni, che ha presentato un\u2019interrogazione urgente in Consiglio regionale. <\/p>\n\n\n\n<p>\u00abApprendiamo da fonti giornalistiche \u2013 prosegue &#8211; che domani (marted\u00ec 21 aprile 2026) verranno inaugurate le strutture di Verzuolo, Dronero e Borgo San Dalmazzo, proprio in concomitanza con la seduta del Consiglio regionale. Tralascio i commenti sulla scelta quantomeno discutibile, che di fatto impedisce ai consiglieri espressione dei territori interessati di essere presenti a momenti istituzionali cos\u00ec rilevanti per le comunit\u00e0 locali\u00bb. <\/p>\n\n\n\n<p>\u00ab\u00c8 certamente positivo \u2013 precisa -, invece l\u2019accordo raggiunto tra Asl Cn1 e le organizzazioni sindacali provinciali dei medici di medicina generale \u2013 Fimmg, Snami e Smi \u2013 che garantisce una copertura di 60 ore settimanali e rappresenta una base concreta per l\u2019avvio delle Aggregazioni Funzionali Territoriali. Ma resta inevasa la domanda centrale: quale modello complessivo hanno in mente il presidente Cirio e l\u2019assessore Riboldi?\u00bb. <\/p>\n\n\n\n<p>\u00abNon vorremmo trovarci di fronte \u2013 sottolinea &#8211; all\u2019ennesimo annuncio senza una reale capacit\u00e0 di traduzione operativa. Il pieno funzionamento delle Case di Comunit\u00e0 \u00e8 un pilastro della riforma della sanit\u00e0 territoriale e un obiettivo strategico del Pnrr: proprio per questo servono certezze, non slogan\u00bb. <\/p>\n\n\n\n<p>\u00abCon l\u2019interrogazione \u2013 conclude Calderoni &#8211; chiedo alla Giunta di chiarire quali siano gli standard minimi dei servizi che verranno garantiti ai cittadini, le tempistiche per la piena attuazione del modello organizzativo e le misure per assicurare uniformit\u00e0 su tutto il territorio provinciale e regionale, a partire dalle realt\u00e0 oggi in ritardo, come Mondov\u00ec\u00bb. <\/p>\n\n\n\n<p>Mauro Calderoni <\/p>\n\n\n\n<p>Consigliere regionale del Partito Democratico \u2013 Piemonte<\/p>\n","protected":false},"excerpt":{"rendered":"<p>Torino, 20 aprile 2026 \u2013 \u00abL\u2019apertura delle prime tre Case di Comunit\u00e0 in provincia di Cuneo rappresenta senza dubbio un passaggio importante per il rafforzamento della sanit\u00e0 territoriale. Tuttavia, a fronte di questo avvio, continuano a mancare elementi fondamentali di chiarezza da parte della Giunta regionale su obiettivi minimi, risorse disponibili e tempi certi di [&hellip;]<\/p>\n","protected":false},"author":100,"featured_media":0,"comment_status":"closed","ping_status":"closed","sticky":false,"template":"","format":"standard","meta":[],"categories":[4,3],"tags":[90],"yoast_head":"<!-- This site is optimized with the Yoast SEO plugin v19.12 - https:\/\/yoast.com\/wordpress\/plugins\/seo\/ -->\n<title>CASE DI COMUNITA\u2019 IN PROVINCIA DI CUNEO: BENE L\u2019AVVIO, MA DALLA GIUNTA REGIONALE TROPPE INCOGNITE SU OBIETTIVI, RISORSE E TEMPI - Partito Democratico<\/title>\n<meta name=\"robots\" content=\"index, follow, max-snippet:-1, max-image-preview:large, max-video-preview:-1\" \/>\n<link rel=\"canonical\" href=\"\/web\/2026\/04\/20\/case-di-comunita-in-provincia-di-cuneo-bene-lavvio-ma-dalla-giunta-regionale-troppe-incognite-su-obiettivi-risorse-e-tempi\/\" \/>\n<meta property=\"og:locale\" content=\"it_IT\" \/>\n<meta property=\"og:type\" content=\"article\" \/>\n<meta property=\"og:title\" content=\"CASE DI COMUNITA\u2019 IN PROVINCIA DI CUNEO: BENE L\u2019AVVIO, MA DALLA GIUNTA REGIONALE TROPPE INCOGNITE SU OBIETTIVI, RISORSE E TEMPI - Partito Democratico\" \/>\n<meta property=\"og:description\" content=\"Torino, 20 aprile 2026 \u2013 \u00abL\u2019apertura delle prime tre Case di Comunit\u00e0 in provincia di Cuneo rappresenta senza dubbio un passaggio importante per il rafforzamento della sanit\u00e0 territoriale. Tuttavia, a fronte di questo avvio, continuano a mancare elementi fondamentali di chiarezza da parte della Giunta regionale su obiettivi minimi, risorse disponibili e tempi certi di [&hellip;]\" \/>\n<meta property=\"og:url\" content=\"\/web\/2026\/04\/20\/case-di-comunita-in-provincia-di-cuneo-bene-lavvio-ma-dalla-giunta-regionale-troppe-incognite-su-obiettivi-risorse-e-tempi\/\" \/>\n<meta property=\"og:site_name\" content=\"Partito Democratico\" \/>\n<meta property=\"article:published_time\" content=\"2026-04-20T10:51:58+00:00\" \/>\n<meta property=\"article:modified_time\" content=\"2026-04-20T10:52:00+00:00\" \/>\n<meta name=\"author\" content=\"apuglisi\" \/>\n<meta name=\"twitter:label1\" content=\"Scritto da\" \/>\n\t<meta name=\"twitter:data1\" content=\"apuglisi\" \/>\n\t<meta name=\"twitter:label2\" content=\"Tempo di lettura stimato\" \/>\n\t<meta name=\"twitter:data2\" content=\"1 minuto\" \/>\n<script type=\"application\/ld+json\" class=\"yoast-schema-graph\">{\"@context\":\"https:\/\/schema.org\",\"@graph\":[{\"@type\":\"WebPage\",\"@id\":\"\/web\/2026\/04\/20\/case-di-comunita-in-provincia-di-cuneo-bene-lavvio-ma-dalla-giunta-regionale-troppe-incognite-su-obiettivi-risorse-e-tempi\/\",\"url\":\"\/web\/2026\/04\/20\/case-di-comunita-in-provincia-di-cuneo-bene-lavvio-ma-dalla-giunta-regionale-troppe-incognite-su-obiettivi-risorse-e-tempi\/\",\"name\":\"CASE DI COMUNITA\u2019 IN PROVINCIA DI CUNEO: BENE L\u2019AVVIO, MA DALLA GIUNTA REGIONALE TROPPE INCOGNITE SU OBIETTIVI, RISORSE E TEMPI - Partito Democratico\",\"isPartOf\":{\"@id\":\"\/web\/#website\"},\"datePublished\":\"2026-04-20T10:51:58+00:00\",\"dateModified\":\"2026-04-20T10:52:00+00:00\",\"author\":{\"@id\":\"\/web\/#\/schema\/person\/0c13e972954f051ef0b6604dcdcd093a\"},\"breadcrumb\":{\"@id\":\"\/web\/2026\/04\/20\/case-di-comunita-in-provincia-di-cuneo-bene-lavvio-ma-dalla-giunta-regionale-troppe-incognite-su-obiettivi-risorse-e-tempi\/#breadcrumb\"},\"inLanguage\":\"it-IT\",\"potentialAction\":[{\"@type\":\"ReadAction\",\"target\":[\"\/web\/2026\/04\/20\/case-di-comunita-in-provincia-di-cuneo-bene-lavvio-ma-dalla-giunta-regionale-troppe-incognite-su-obiettivi-risorse-e-tempi\/\"]}]},{\"@type\":\"BreadcrumbList\",\"@id\":\"\/web\/2026\/04\/20\/case-di-comunita-in-provincia-di-cuneo-bene-lavvio-ma-dalla-giunta-regionale-troppe-incognite-su-obiettivi-risorse-e-tempi\/#breadcrumb\",\"itemListElement\":[{\"@type\":\"ListItem\",\"position\":1,\"name\":\"Home\",\"item\":\"\/web\/\"},{\"@type\":\"ListItem\",\"position\":2,\"name\":\"CASE DI COMUNITA\u2019 IN PROVINCIA DI CUNEO: BENE L\u2019AVVIO, MA DALLA GIUNTA REGIONALE TROPPE INCOGNITE SU OBIETTIVI, RISORSE E TEMPI\"}]},{\"@type\":\"WebSite\",\"@id\":\"\/web\/#website\",\"url\":\"\/web\/\",\"name\":\"Partito Democratico\",\"description\":\"\",\"potentialAction\":[{\"@type\":\"SearchAction\",\"target\":{\"@type\":\"EntryPoint\",\"urlTemplate\":\"\/web\/?s={search_term_string}\"},\"query-input\":\"required name=search_term_string\"}],\"inLanguage\":\"it-IT\"},{\"@type\":\"Person\",\"@id\":\"\/web\/#\/schema\/person\/0c13e972954f051ef0b6604dcdcd093a\",\"name\":\"apuglisi\",\"image\":{\"@type\":\"ImageObject\",\"inLanguage\":\"it-IT\",\"@id\":\"\/web\/#\/schema\/person\/image\/\",\"url\":\"http:\/\/2.gravatar.com\/avatar\/8f77005929681ecacb724a762adbc06b?s=96&d=mm&r=g\",\"contentUrl\":\"http:\/\/2.gravatar.com\/avatar\/8f77005929681ecacb724a762adbc06b?s=96&d=mm&r=g\",\"caption\":\"apuglisi\"},\"url\":\"\/web\/author\/apuglisi\/\"}]}<\/script>\n<!-- \/ Yoast SEO plugin. -->","yoast_head_json":{"title":"CASE DI COMUNITA\u2019 IN PROVINCIA DI CUNEO: BENE L\u2019AVVIO, MA DALLA GIUNTA REGIONALE TROPPE INCOGNITE SU OBIETTIVI, RISORSE E TEMPI - Partito Democratico","robots":{"index":"index","follow":"follow","max-snippet":"max-snippet:-1","max-image-preview":"max-image-preview:large","max-video-preview":"max-video-preview:-1"},"canonical":"\/web\/2026\/04\/20\/case-di-comunita-in-provincia-di-cuneo-bene-lavvio-ma-dalla-giunta-regionale-troppe-incognite-su-obiettivi-risorse-e-tempi\/","og_locale":"it_IT","og_type":"article","og_title":"CASE DI COMUNITA\u2019 IN PROVINCIA DI CUNEO: BENE L\u2019AVVIO, MA DALLA GIUNTA REGIONALE TROPPE INCOGNITE SU OBIETTIVI, RISORSE E TEMPI - Partito Democratico","og_description":"Torino, 20 aprile 2026 \u2013 \u00abL\u2019apertura delle prime tre Case di Comunit\u00e0 in provincia di Cuneo rappresenta senza dubbio un passaggio importante per il rafforzamento della sanit\u00e0 territoriale. Tuttavia, a fronte di questo avvio, continuano a mancare elementi fondamentali di chiarezza da parte della Giunta regionale su obiettivi minimi, risorse disponibili e tempi certi di [&hellip;]","og_url":"\/web\/2026\/04\/20\/case-di-comunita-in-provincia-di-cuneo-bene-lavvio-ma-dalla-giunta-regionale-troppe-incognite-su-obiettivi-risorse-e-tempi\/","og_site_name":"Partito Democratico","article_published_time":"2026-04-20T10:51:58+00:00","article_modified_time":"2026-04-20T10:52:00+00:00","author":"apuglisi","twitter_misc":{"Scritto da":"apuglisi","Tempo di lettura stimato":"1 minuto"},"schema":{"@context":"https:\/\/schema.org","@graph":[{"@type":"WebPage","@id":"\/web\/2026\/04\/20\/case-di-comunita-in-provincia-di-cuneo-bene-lavvio-ma-dalla-giunta-regionale-troppe-incognite-su-obiettivi-risorse-e-tempi\/","url":"\/web\/2026\/04\/20\/case-di-comunita-in-provincia-di-cuneo-bene-lavvio-ma-dalla-giunta-regionale-troppe-incognite-su-obiettivi-risorse-e-tempi\/","name":"CASE DI COMUNITA\u2019 IN PROVINCIA DI CUNEO: BENE L\u2019AVVIO, MA DALLA GIUNTA REGIONALE TROPPE INCOGNITE SU OBIETTIVI, RISORSE E TEMPI - Partito Democratico","isPartOf":{"@id":"\/web\/#website"},"datePublished":"2026-04-20T10:51:58+00:00","dateModified":"2026-04-20T10:52:00+00:00","author":{"@id":"\/web\/#\/schema\/person\/0c13e972954f051ef0b6604dcdcd093a"},"breadcrumb":{"@id":"\/web\/2026\/04\/20\/case-di-comunita-in-provincia-di-cuneo-bene-lavvio-ma-dalla-giunta-regionale-troppe-incognite-su-obiettivi-risorse-e-tempi\/#breadcrumb"},"inLanguage":"it-IT","potentialAction":[{"@type":"ReadAction","target":["\/web\/2026\/04\/20\/case-di-comunita-in-provincia-di-cuneo-bene-lavvio-ma-dalla-giunta-regionale-troppe-incognite-su-obiettivi-risorse-e-tempi\/"]}]},{"@type":"BreadcrumbList","@id":"\/web\/2026\/04\/20\/case-di-comunita-in-provincia-di-cuneo-bene-lavvio-ma-dalla-giunta-regionale-troppe-incognite-su-obiettivi-risorse-e-tempi\/#breadcrumb","itemListElement":[{"@type":"ListItem","position":1,"name":"Home","item":"\/web\/"},{"@type":"ListItem","position":2,"name":"CASE DI COMUNITA\u2019 IN PROVINCIA DI CUNEO: BENE L\u2019AVVIO, MA DALLA GIUNTA REGIONALE TROPPE INCOGNITE SU OBIETTIVI, RISORSE E TEMPI"}]},{"@type":"WebSite","@id":"\/web\/#website","url":"\/web\/","name":"Partito Democratico","description":"","potentialAction":[{"@type":"SearchAction","target":{"@type":"EntryPoint","urlTemplate":"\/web\/?s={search_term_string}"},"query-input":"required name=search_term_string"}],"inLanguage":"it-IT"},{"@type":"Person","@id":"\/web\/#\/schema\/person\/0c13e972954f051ef0b6604dcdcd093a","name":"apuglisi","image":{"@type":"ImageObject","inLanguage":"it-IT","@id":"\/web\/#\/schema\/person\/image\/","url":"http:\/\/2.gravatar.com\/avatar\/8f77005929681ecacb724a762adbc06b?s=96&d=mm&r=g","contentUrl":"http:\/\/2.gravatar.com\/avatar\/8f77005929681ecacb724a762adbc06b?s=96&d=mm&r=g","caption":"apuglisi"},"url":"\/web\/author\/apuglisi\/"}]}},"_links":{"self":[{"href":"\/web\/wp-json\/wp\/v2\/posts\/3849"}],"collection":[{"href":"\/web\/wp-json\/wp\/v2\/posts"}],"about":[{"href":"\/web\/wp-json\/wp\/v2\/types\/post"}],"author":[{"embeddable":true,"href":"\/web\/wp-json\/wp\/v2\/users\/100"}],"replies":[{"embeddable":true,"href":"\/web\/wp-json\/wp\/v2\/comments?post=3849"}],"version-history":[{"count":1,"href":"\/web\/wp-json\/wp\/v2\/posts\/3849\/revisions"}],"predecessor-version":[{"id":3850,"href":"\/web\/wp-json\/wp\/v2\/posts\/3849\/revisions\/3850"}],"wp:attachment":[{"href":"\/web\/wp-json\/wp\/v2\/media?parent=3849"}],"wp:term":[{"taxonomy":"category","embeddable":true,"href":"\/web\/wp-json\/wp\/v2\/categories?post=3849"},{"taxonomy":"post_tag","embeddable":true,"href":"\/web\/wp-json\/wp\/v2\/tags?post=3849"}],"curies":[{"name":"wp","href":"https:\/\/api.w.org\/{rel}","templated":true}]}}