{"id":3845,"date":"2026-04-20T08:11:09","date_gmt":"2026-04-20T06:11:09","guid":{"rendered":"\/web\/?p=3845"},"modified":"2026-04-20T08:11:11","modified_gmt":"2026-04-20T06:11:11","slug":"a5-bretella-ivrea-santhia-avetta-la-regione-solleciti-i-ministeri-i-lavori-sul-viadotto-camolesa-slittano-e-il-traffico-dalla-montagna-si-riversa-nei-piccoli-comuni","status":"publish","type":"post","link":"\/web\/2026\/04\/20\/a5-bretella-ivrea-santhia-avetta-la-regione-solleciti-i-ministeri-i-lavori-sul-viadotto-camolesa-slittano-e-il-traffico-dalla-montagna-si-riversa-nei-piccoli-comuni\/","title":{"rendered":"A5 BRETELLA IVREA-SANTHI\u00c0. AVETTA: \u201cLA REGIONE SOLLECITI I MINISTERI: I LAVORI SUL VIADOTTO CAMOLESA SLITTANO E IL TRAFFICO DALLA MONTAGNA SI RIVERSA NEI PICCOLI COMUNI\u201d"},"content":{"rendered":"\n<p><strong>Il consigliere Alberto Avetta (PD) ha presentato un\u2019Interrogazione per avere chiarimenti sull\u2019iter autorizzativo.<\/strong><\/p>\n\n\n\n<p>\u00abL\u2019avvio del cantiere per la messa in sicurezza del viadotto \u201cCamolesa\u201d sulla bretella autostradale Ivrea-Santhi\u00e0, che collega la A5 con la A4, era previsto per il mese&nbsp;di luglio.&nbsp;<strong>Ad&nbsp;oggi, per\u00f2, l\u2019autorizzazione sarebbe \u201cferma\u201d al ministero dell\u2019Ambiente che, a sua volta, dovrebbe poi trasmetterla al ministero delle Infrastrutture e Trasporti per la definitiva approvazione. Quindi, il cronoprogramma resta sospeso.<\/strong>&nbsp;<strong>Per questo ho presentato un\u2019Interrogazione. La Giunta Cirio deve attivarsi sia con il gestore autostradale sia con il Governo, per definire il percorso autorizzativo dei lavori al viadotto\u00bb.&nbsp;<\/strong>Lo afferma il consigliere regionale&nbsp;<strong>Alberto Avetta (PD),<\/strong>&nbsp;commentando l\u2019ipotesi che l\u2019intervento, che richieder\u00e0 almeno due anni per essere completato, possano slittare ben oltre la prossima estate. \u00abIl traffico che dalla Valle d\u2019Aosta scende verso Milano, in caso di coda sul cosiddetto \u201cbypass\u201d, si riversa sulle strade provinciali e comunali. La&nbsp;domenica, in particolare, moltissimi automobilisti al rientro in citt\u00e0, per evitare le attese infinite sul restringimento, escono dal nodo autostradale, intasano le strade provinciali e comunali e i relativi piccoli Comuni e si reimmettono in autostrada al casello di Santhi\u00e0. Una situazione che diventa, ogni&nbsp;domenica, pi\u00f9 problematica per la sempre pi\u00f9 intensa quantit\u00e0 di vetture che ormai percorre le strette vie dei piccoli centri abitati tra Albiano e Santhi\u00e0. Difficile immaginare come la fragile rete stradale comunale possa reggere questo traffico intenso per i prossimi anni\u00bb.<\/p>\n\n\n\n<p><strong>Alberto AVETTA<\/strong><\/p>\n\n\n\n<p><strong>Consigliere regionale PD<\/strong><\/p>\n\n\n\n<p><strong>Commissione Infrastrutture e Trasporti<\/strong><\/p>\n","protected":false},"excerpt":{"rendered":"<p>Il consigliere Alberto Avetta (PD) ha presentato un\u2019Interrogazione per avere chiarimenti sull\u2019iter autorizzativo. \u00abL\u2019avvio del cantiere per la messa in sicurezza del viadotto \u201cCamolesa\u201d sulla bretella autostradale Ivrea-Santhi\u00e0, che collega la A5 con la A4, era previsto per il mese&nbsp;di luglio.&nbsp;Ad&nbsp;oggi, per\u00f2, l\u2019autorizzazione sarebbe \u201cferma\u201d al ministero dell\u2019Ambiente che, a sua volta, dovrebbe poi trasmetterla [&hellip;]<\/p>\n","protected":false},"author":100,"featured_media":0,"comment_status":"closed","ping_status":"closed","sticky":false,"template":"","format":"standard","meta":[],"categories":[4,60,57],"tags":[77],"yoast_head":"<!-- This site is optimized with the Yoast SEO plugin v19.12 - https:\/\/yoast.com\/wordpress\/plugins\/seo\/ -->\n<title>A5 BRETELLA IVREA-SANTHI\u00c0. AVETTA: \u201cLA REGIONE SOLLECITI I MINISTERI: I LAVORI SUL VIADOTTO CAMOLESA SLITTANO E IL TRAFFICO DALLA MONTAGNA SI RIVERSA NEI PICCOLI COMUNI\u201d - Partito Democratico<\/title>\n<meta name=\"robots\" content=\"index, follow, max-snippet:-1, max-image-preview:large, max-video-preview:-1\" \/>\n<link rel=\"canonical\" href=\"\/web\/2026\/04\/20\/a5-bretella-ivrea-santhia-avetta-la-regione-solleciti-i-ministeri-i-lavori-sul-viadotto-camolesa-slittano-e-il-traffico-dalla-montagna-si-riversa-nei-piccoli-comuni\/\" \/>\n<meta property=\"og:locale\" content=\"it_IT\" \/>\n<meta property=\"og:type\" content=\"article\" \/>\n<meta property=\"og:title\" content=\"A5 BRETELLA IVREA-SANTHI\u00c0. AVETTA: \u201cLA REGIONE SOLLECITI I MINISTERI: I LAVORI SUL VIADOTTO CAMOLESA SLITTANO E IL TRAFFICO DALLA MONTAGNA SI RIVERSA NEI PICCOLI COMUNI\u201d - Partito Democratico\" \/>\n<meta property=\"og:description\" content=\"Il consigliere Alberto Avetta (PD) ha presentato un\u2019Interrogazione per avere chiarimenti sull\u2019iter autorizzativo. \u00abL\u2019avvio del cantiere per la messa in sicurezza del viadotto \u201cCamolesa\u201d sulla bretella autostradale Ivrea-Santhi\u00e0, che collega la A5 con la A4, era previsto per il mese&nbsp;di luglio.&nbsp;Ad&nbsp;oggi, per\u00f2, l\u2019autorizzazione sarebbe \u201cferma\u201d al ministero dell\u2019Ambiente che, a sua volta, dovrebbe poi trasmetterla [&hellip;]\" \/>\n<meta property=\"og:url\" content=\"\/web\/2026\/04\/20\/a5-bretella-ivrea-santhia-avetta-la-regione-solleciti-i-ministeri-i-lavori-sul-viadotto-camolesa-slittano-e-il-traffico-dalla-montagna-si-riversa-nei-piccoli-comuni\/\" \/>\n<meta property=\"og:site_name\" content=\"Partito Democratico\" \/>\n<meta property=\"article:published_time\" content=\"2026-04-20T06:11:09+00:00\" \/>\n<meta property=\"article:modified_time\" content=\"2026-04-20T06:11:11+00:00\" \/>\n<meta name=\"author\" content=\"apuglisi\" \/>\n<meta name=\"twitter:label1\" content=\"Scritto da\" \/>\n\t<meta name=\"twitter:data1\" content=\"apuglisi\" \/>\n\t<meta name=\"twitter:label2\" content=\"Tempo di lettura stimato\" \/>\n\t<meta name=\"twitter:data2\" content=\"1 minuto\" \/>\n<script type=\"application\/ld+json\" class=\"yoast-schema-graph\">{\"@context\":\"https:\/\/schema.org\",\"@graph\":[{\"@type\":\"WebPage\",\"@id\":\"\/web\/2026\/04\/20\/a5-bretella-ivrea-santhia-avetta-la-regione-solleciti-i-ministeri-i-lavori-sul-viadotto-camolesa-slittano-e-il-traffico-dalla-montagna-si-riversa-nei-piccoli-comuni\/\",\"url\":\"\/web\/2026\/04\/20\/a5-bretella-ivrea-santhia-avetta-la-regione-solleciti-i-ministeri-i-lavori-sul-viadotto-camolesa-slittano-e-il-traffico-dalla-montagna-si-riversa-nei-piccoli-comuni\/\",\"name\":\"A5 BRETELLA IVREA-SANTHI\u00c0. AVETTA: \u201cLA REGIONE SOLLECITI I MINISTERI: I LAVORI SUL VIADOTTO CAMOLESA SLITTANO E IL TRAFFICO DALLA MONTAGNA SI RIVERSA NEI PICCOLI COMUNI\u201d - Partito Democratico\",\"isPartOf\":{\"@id\":\"\/web\/#website\"},\"datePublished\":\"2026-04-20T06:11:09+00:00\",\"dateModified\":\"2026-04-20T06:11:11+00:00\",\"author\":{\"@id\":\"\/web\/#\/schema\/person\/0c13e972954f051ef0b6604dcdcd093a\"},\"breadcrumb\":{\"@id\":\"\/web\/2026\/04\/20\/a5-bretella-ivrea-santhia-avetta-la-regione-solleciti-i-ministeri-i-lavori-sul-viadotto-camolesa-slittano-e-il-traffico-dalla-montagna-si-riversa-nei-piccoli-comuni\/#breadcrumb\"},\"inLanguage\":\"it-IT\",\"potentialAction\":[{\"@type\":\"ReadAction\",\"target\":[\"\/web\/2026\/04\/20\/a5-bretella-ivrea-santhia-avetta-la-regione-solleciti-i-ministeri-i-lavori-sul-viadotto-camolesa-slittano-e-il-traffico-dalla-montagna-si-riversa-nei-piccoli-comuni\/\"]}]},{\"@type\":\"BreadcrumbList\",\"@id\":\"\/web\/2026\/04\/20\/a5-bretella-ivrea-santhia-avetta-la-regione-solleciti-i-ministeri-i-lavori-sul-viadotto-camolesa-slittano-e-il-traffico-dalla-montagna-si-riversa-nei-piccoli-comuni\/#breadcrumb\",\"itemListElement\":[{\"@type\":\"ListItem\",\"position\":1,\"name\":\"Home\",\"item\":\"\/web\/\"},{\"@type\":\"ListItem\",\"position\":2,\"name\":\"A5 BRETELLA IVREA-SANTHI\u00c0. AVETTA: \u201cLA REGIONE SOLLECITI I MINISTERI: I LAVORI SUL VIADOTTO CAMOLESA SLITTANO E IL TRAFFICO DALLA MONTAGNA SI RIVERSA NEI PICCOLI COMUNI\u201d\"}]},{\"@type\":\"WebSite\",\"@id\":\"\/web\/#website\",\"url\":\"\/web\/\",\"name\":\"Partito Democratico\",\"description\":\"\",\"potentialAction\":[{\"@type\":\"SearchAction\",\"target\":{\"@type\":\"EntryPoint\",\"urlTemplate\":\"\/web\/?s={search_term_string}\"},\"query-input\":\"required name=search_term_string\"}],\"inLanguage\":\"it-IT\"},{\"@type\":\"Person\",\"@id\":\"\/web\/#\/schema\/person\/0c13e972954f051ef0b6604dcdcd093a\",\"name\":\"apuglisi\",\"image\":{\"@type\":\"ImageObject\",\"inLanguage\":\"it-IT\",\"@id\":\"\/web\/#\/schema\/person\/image\/\",\"url\":\"http:\/\/2.gravatar.com\/avatar\/8f77005929681ecacb724a762adbc06b?s=96&d=mm&r=g\",\"contentUrl\":\"http:\/\/2.gravatar.com\/avatar\/8f77005929681ecacb724a762adbc06b?s=96&d=mm&r=g\",\"caption\":\"apuglisi\"},\"url\":\"\/web\/author\/apuglisi\/\"}]}<\/script>\n<!-- \/ Yoast SEO plugin. -->","yoast_head_json":{"title":"A5 BRETELLA IVREA-SANTHI\u00c0. AVETTA: \u201cLA REGIONE SOLLECITI I MINISTERI: I LAVORI SUL VIADOTTO CAMOLESA SLITTANO E IL TRAFFICO DALLA MONTAGNA SI RIVERSA NEI PICCOLI COMUNI\u201d - Partito Democratico","robots":{"index":"index","follow":"follow","max-snippet":"max-snippet:-1","max-image-preview":"max-image-preview:large","max-video-preview":"max-video-preview:-1"},"canonical":"\/web\/2026\/04\/20\/a5-bretella-ivrea-santhia-avetta-la-regione-solleciti-i-ministeri-i-lavori-sul-viadotto-camolesa-slittano-e-il-traffico-dalla-montagna-si-riversa-nei-piccoli-comuni\/","og_locale":"it_IT","og_type":"article","og_title":"A5 BRETELLA IVREA-SANTHI\u00c0. AVETTA: \u201cLA REGIONE SOLLECITI I MINISTERI: I LAVORI SUL VIADOTTO CAMOLESA SLITTANO E IL TRAFFICO DALLA MONTAGNA SI RIVERSA NEI PICCOLI COMUNI\u201d - Partito Democratico","og_description":"Il consigliere Alberto Avetta (PD) ha presentato un\u2019Interrogazione per avere chiarimenti sull\u2019iter autorizzativo. \u00abL\u2019avvio del cantiere per la messa in sicurezza del viadotto \u201cCamolesa\u201d sulla bretella autostradale Ivrea-Santhi\u00e0, che collega la A5 con la A4, era previsto per il mese&nbsp;di luglio.&nbsp;Ad&nbsp;oggi, per\u00f2, l\u2019autorizzazione sarebbe \u201cferma\u201d al ministero dell\u2019Ambiente che, a sua volta, dovrebbe poi trasmetterla [&hellip;]","og_url":"\/web\/2026\/04\/20\/a5-bretella-ivrea-santhia-avetta-la-regione-solleciti-i-ministeri-i-lavori-sul-viadotto-camolesa-slittano-e-il-traffico-dalla-montagna-si-riversa-nei-piccoli-comuni\/","og_site_name":"Partito Democratico","article_published_time":"2026-04-20T06:11:09+00:00","article_modified_time":"2026-04-20T06:11:11+00:00","author":"apuglisi","twitter_misc":{"Scritto da":"apuglisi","Tempo di lettura stimato":"1 minuto"},"schema":{"@context":"https:\/\/schema.org","@graph":[{"@type":"WebPage","@id":"\/web\/2026\/04\/20\/a5-bretella-ivrea-santhia-avetta-la-regione-solleciti-i-ministeri-i-lavori-sul-viadotto-camolesa-slittano-e-il-traffico-dalla-montagna-si-riversa-nei-piccoli-comuni\/","url":"\/web\/2026\/04\/20\/a5-bretella-ivrea-santhia-avetta-la-regione-solleciti-i-ministeri-i-lavori-sul-viadotto-camolesa-slittano-e-il-traffico-dalla-montagna-si-riversa-nei-piccoli-comuni\/","name":"A5 BRETELLA IVREA-SANTHI\u00c0. AVETTA: \u201cLA REGIONE SOLLECITI I MINISTERI: I LAVORI SUL VIADOTTO CAMOLESA SLITTANO E IL TRAFFICO DALLA MONTAGNA SI RIVERSA NEI PICCOLI COMUNI\u201d - Partito Democratico","isPartOf":{"@id":"\/web\/#website"},"datePublished":"2026-04-20T06:11:09+00:00","dateModified":"2026-04-20T06:11:11+00:00","author":{"@id":"\/web\/#\/schema\/person\/0c13e972954f051ef0b6604dcdcd093a"},"breadcrumb":{"@id":"\/web\/2026\/04\/20\/a5-bretella-ivrea-santhia-avetta-la-regione-solleciti-i-ministeri-i-lavori-sul-viadotto-camolesa-slittano-e-il-traffico-dalla-montagna-si-riversa-nei-piccoli-comuni\/#breadcrumb"},"inLanguage":"it-IT","potentialAction":[{"@type":"ReadAction","target":["\/web\/2026\/04\/20\/a5-bretella-ivrea-santhia-avetta-la-regione-solleciti-i-ministeri-i-lavori-sul-viadotto-camolesa-slittano-e-il-traffico-dalla-montagna-si-riversa-nei-piccoli-comuni\/"]}]},{"@type":"BreadcrumbList","@id":"\/web\/2026\/04\/20\/a5-bretella-ivrea-santhia-avetta-la-regione-solleciti-i-ministeri-i-lavori-sul-viadotto-camolesa-slittano-e-il-traffico-dalla-montagna-si-riversa-nei-piccoli-comuni\/#breadcrumb","itemListElement":[{"@type":"ListItem","position":1,"name":"Home","item":"\/web\/"},{"@type":"ListItem","position":2,"name":"A5 BRETELLA IVREA-SANTHI\u00c0. AVETTA: \u201cLA REGIONE SOLLECITI I MINISTERI: I LAVORI SUL VIADOTTO CAMOLESA SLITTANO E IL TRAFFICO DALLA MONTAGNA SI RIVERSA NEI PICCOLI COMUNI\u201d"}]},{"@type":"WebSite","@id":"\/web\/#website","url":"\/web\/","name":"Partito Democratico","description":"","potentialAction":[{"@type":"SearchAction","target":{"@type":"EntryPoint","urlTemplate":"\/web\/?s={search_term_string}"},"query-input":"required name=search_term_string"}],"inLanguage":"it-IT"},{"@type":"Person","@id":"\/web\/#\/schema\/person\/0c13e972954f051ef0b6604dcdcd093a","name":"apuglisi","image":{"@type":"ImageObject","inLanguage":"it-IT","@id":"\/web\/#\/schema\/person\/image\/","url":"http:\/\/2.gravatar.com\/avatar\/8f77005929681ecacb724a762adbc06b?s=96&d=mm&r=g","contentUrl":"http:\/\/2.gravatar.com\/avatar\/8f77005929681ecacb724a762adbc06b?s=96&d=mm&r=g","caption":"apuglisi"},"url":"\/web\/author\/apuglisi\/"}]}},"_links":{"self":[{"href":"\/web\/wp-json\/wp\/v2\/posts\/3845"}],"collection":[{"href":"\/web\/wp-json\/wp\/v2\/posts"}],"about":[{"href":"\/web\/wp-json\/wp\/v2\/types\/post"}],"author":[{"embeddable":true,"href":"\/web\/wp-json\/wp\/v2\/users\/100"}],"replies":[{"embeddable":true,"href":"\/web\/wp-json\/wp\/v2\/comments?post=3845"}],"version-history":[{"count":1,"href":"\/web\/wp-json\/wp\/v2\/posts\/3845\/revisions"}],"predecessor-version":[{"id":3846,"href":"\/web\/wp-json\/wp\/v2\/posts\/3845\/revisions\/3846"}],"wp:attachment":[{"href":"\/web\/wp-json\/wp\/v2\/media?parent=3845"}],"wp:term":[{"taxonomy":"category","embeddable":true,"href":"\/web\/wp-json\/wp\/v2\/categories?post=3845"},{"taxonomy":"post_tag","embeddable":true,"href":"\/web\/wp-json\/wp\/v2\/tags?post=3845"}],"curies":[{"name":"wp","href":"https:\/\/api.w.org\/{rel}","templated":true}]}}