{"id":3843,"date":"2026-04-14T18:00:00","date_gmt":"2026-04-14T16:00:00","guid":{"rendered":"\/web\/?p=3843"},"modified":"2026-04-17T11:36:48","modified_gmt":"2026-04-17T09:36:48","slug":"sanita-verzella-a-biella-il-pubblico-arretra-e-il-privato-avanza-non-e-emergenza-e-un-fallimento","status":"publish","type":"post","link":"\/web\/2026\/04\/14\/sanita-verzella-a-biella-il-pubblico-arretra-e-il-privato-avanza-non-e-emergenza-e-un-fallimento\/","title":{"rendered":"SANIT\u00c0, VERZELLA: \u201cA BIELLA IL PUBBLICO ARRETRA E IL PRIVATO AVANZA. NON \u00c8 EMERGENZA, \u00c8 UN FALLIMENTO\u201d"},"content":{"rendered":"\n<p>\u00abAltro che emergenza: quello che sta accadendo nella sanit\u00e0 biellese \u00e8 un fallimento strutturale\u00bb. La Consigliera regionale <strong>Emanuela Verzella<\/strong> attacca senza mezzi termini dopo aver portato in Question Time il tema delle esternalizzazioni all\u2019interno dell\u2019ASL BI.<\/p>\n\n\n\n<p>\u00abCi raccontano solo dei gettonisti, ma la realt\u00e0 \u00e8 molto pi\u00f9 grave: non si tratta solo di coprire turni. Si stanno esternalizzando intere funzioni e prestazioni che prima erano pubbliche. \u00c8 un cambio di modello, non una soluzione temporanea\u00bb.<\/p>\n\n\n\n<p>I numeri parlano chiaro: oltre <strong>148 milioni di euro<\/strong> per servizi esterni, costi complessivi sopra i <strong>405 milioni<\/strong> e un disavanzo che sfonda i <strong>\u201335 milioni di euro<\/strong> nel 2026. \u00abSi spende di pi\u00f9 per avere meno controllo e meno capacit\u00e0 pubblica. \u00c8 il contrario di quello che dovrebbe fare un sistema sanitario serio\u00bb.<\/p>\n\n\n\n<p>Per Verzella, il punto \u00e8 semplice: \u00abL\u2019ASL BI non riesce a tenersi il personale e non riesce ad attrarne di nuovo. E quando perdi le persone, perdi il sistema. Il resto \u00e8 solo una conseguenza\u00bb.<\/p>\n\n\n\n<p>Ma sotto accusa finisce anche la Regione: \u00abCome si pu\u00f2 programmare quando i fondi arrivano in ritardo o non sono nemmeno certi? Cos\u00ec si costringono le aziende sanitarie a navigare a vista\u00bb.<\/p>\n\n\n\n<p>Non a caso, il Collegio sindacale ha bocciato il bilancio preventivo 2026: \u00abParliamo di un parere netto: conti non attendibili, squilibrio strutturale e principio di equilibrio violato. E questo nonostante si sappia gi\u00e0 che, come sempre, la Regione probabilmente interverr\u00e0 dopo per \u201csistemare\u201d i numeri\u00bb.<\/p>\n\n\n\n<p>Un meccanismo che Verzella definisce senza giri di parole: \u00abUna finzione contabile. Si approvano bilanci che non stanno in piedi e si rimanda tutto a interventi successivi. Nel frattempo, per\u00f2, il sistema si indebolisce\u00bb.<\/p>\n\n\n\n<p>La conclusione \u00e8 politica: \u00abQui non c\u2019\u00e8 alcuna strategia. C\u2019\u00e8 solo un arretramento progressivo del pubblico e una sostituzione silenziosa con il privato. Se questa \u00e8 la direzione, qualcuno abbia il coraggio di dirlo chiaramente ai cittadini\u00bb.<\/p>\n\n\n\n<p>E la risposta della Giunta non fa che confermare questo quadro: \u00abNon c\u2019\u00e8 una sola indicazione concreta: nessun tempo, nessun obiettivo, nessun impegno misurabile. Si evita perfino di entrare nel merito del parere negativo del Collegio sindacale, che resta l\u00ec, senza risposta\u00bb.<\/p>\n\n\n\n<p>\u00abAncora pi\u00f9 grave \u00e8 il tentativo di ridurre tutto al tema dei gettonisti: ma qui non parliamo solo di turni scoperti, parliamo di un sistema che compra sempre pi\u00f9 servizi all\u2019esterno perch\u00e9 ha perso capacit\u00e0 interna\u00bb.<\/p>\n\n\n\n<p>\u00abDire che \u00e8 un problema \u201csistemico\u201d nazionale serve solo a scaricare responsabilit\u00e0. Ma i cittadini biellesi hanno diritto a sapere cosa si intende fare qui e ora\u00bb.<\/p>\n\n\n\n<p>Torino, 14 Aprile 2026 \u00a0\u00a0\u00a0\u00a0\u00a0\u00a0\u00a0\u00a0\u00a0 \u00a0\u00a0\u00a0\u00a0\u00a0\u00a0\u00a0\u00a0\u00a0 \u00a0\u00a0\u00a0\u00a0\u00a0\u00a0\u00a0\u00a0\u00a0\u00a0\u00a0\u00a0\u00a0\u00a0\u00a0\u00a0\u00a0\u00a0\u00a0 \u00a0\u00a0\u00a0\u00a0\u00a0\u00a0\u00a0\u00a0\u00a0\u00a0\u00a0\u00a0\u00a0\u00a0<\/p>\n\n\n\n<p><strong>Emanuela Verzella<\/strong><\/p>\n\n\n\n<p><em>Consigliera Regionale del Partito Democratico<\/em><\/p>\n","protected":false},"excerpt":{"rendered":"<p>\u00abAltro che emergenza: quello che sta accadendo nella sanit\u00e0 biellese \u00e8 un fallimento strutturale\u00bb. La Consigliera regionale Emanuela Verzella attacca senza mezzi termini dopo aver portato in Question Time il tema delle esternalizzazioni all\u2019interno dell\u2019ASL BI. \u00abCi raccontano solo dei gettonisti, ma la realt\u00e0 \u00e8 molto pi\u00f9 grave: non si tratta solo di coprire turni. [&hellip;]<\/p>\n","protected":false},"author":100,"featured_media":0,"comment_status":"closed","ping_status":"closed","sticky":false,"template":"","format":"standard","meta":[],"categories":[4,3],"tags":[89],"yoast_head":"<!-- This site is optimized with the Yoast SEO plugin v19.12 - https:\/\/yoast.com\/wordpress\/plugins\/seo\/ -->\n<title>SANIT\u00c0, VERZELLA: \u201cA BIELLA IL PUBBLICO ARRETRA E IL PRIVATO AVANZA. NON \u00c8 EMERGENZA, \u00c8 UN FALLIMENTO\u201d - Partito Democratico<\/title>\n<meta name=\"robots\" content=\"index, follow, max-snippet:-1, max-image-preview:large, max-video-preview:-1\" \/>\n<link rel=\"canonical\" href=\"\/web\/2026\/04\/14\/sanita-verzella-a-biella-il-pubblico-arretra-e-il-privato-avanza-non-e-emergenza-e-un-fallimento\/\" \/>\n<meta property=\"og:locale\" content=\"it_IT\" \/>\n<meta property=\"og:type\" content=\"article\" \/>\n<meta property=\"og:title\" content=\"SANIT\u00c0, VERZELLA: \u201cA BIELLA IL PUBBLICO ARRETRA E IL PRIVATO AVANZA. NON \u00c8 EMERGENZA, \u00c8 UN FALLIMENTO\u201d - Partito Democratico\" \/>\n<meta property=\"og:description\" content=\"\u00abAltro che emergenza: quello che sta accadendo nella sanit\u00e0 biellese \u00e8 un fallimento strutturale\u00bb. La Consigliera regionale Emanuela Verzella attacca senza mezzi termini dopo aver portato in Question Time il tema delle esternalizzazioni all\u2019interno dell\u2019ASL BI. \u00abCi raccontano solo dei gettonisti, ma la realt\u00e0 \u00e8 molto pi\u00f9 grave: non si tratta solo di coprire turni. [&hellip;]\" \/>\n<meta property=\"og:url\" content=\"\/web\/2026\/04\/14\/sanita-verzella-a-biella-il-pubblico-arretra-e-il-privato-avanza-non-e-emergenza-e-un-fallimento\/\" \/>\n<meta property=\"og:site_name\" content=\"Partito Democratico\" \/>\n<meta property=\"article:published_time\" content=\"2026-04-14T16:00:00+00:00\" \/>\n<meta property=\"article:modified_time\" content=\"2026-04-17T09:36:48+00:00\" \/>\n<meta name=\"author\" content=\"apuglisi\" \/>\n<meta name=\"twitter:label1\" content=\"Scritto da\" \/>\n\t<meta name=\"twitter:data1\" content=\"apuglisi\" \/>\n\t<meta name=\"twitter:label2\" content=\"Tempo di lettura stimato\" \/>\n\t<meta name=\"twitter:data2\" content=\"2 minuti\" \/>\n<script type=\"application\/ld+json\" class=\"yoast-schema-graph\">{\"@context\":\"https:\/\/schema.org\",\"@graph\":[{\"@type\":\"WebPage\",\"@id\":\"\/web\/2026\/04\/14\/sanita-verzella-a-biella-il-pubblico-arretra-e-il-privato-avanza-non-e-emergenza-e-un-fallimento\/\",\"url\":\"\/web\/2026\/04\/14\/sanita-verzella-a-biella-il-pubblico-arretra-e-il-privato-avanza-non-e-emergenza-e-un-fallimento\/\",\"name\":\"SANIT\u00c0, VERZELLA: \u201cA BIELLA IL PUBBLICO ARRETRA E IL PRIVATO AVANZA. NON \u00c8 EMERGENZA, \u00c8 UN FALLIMENTO\u201d - Partito Democratico\",\"isPartOf\":{\"@id\":\"\/web\/#website\"},\"datePublished\":\"2026-04-14T16:00:00+00:00\",\"dateModified\":\"2026-04-17T09:36:48+00:00\",\"author\":{\"@id\":\"\/web\/#\/schema\/person\/0c13e972954f051ef0b6604dcdcd093a\"},\"breadcrumb\":{\"@id\":\"\/web\/2026\/04\/14\/sanita-verzella-a-biella-il-pubblico-arretra-e-il-privato-avanza-non-e-emergenza-e-un-fallimento\/#breadcrumb\"},\"inLanguage\":\"it-IT\",\"potentialAction\":[{\"@type\":\"ReadAction\",\"target\":[\"\/web\/2026\/04\/14\/sanita-verzella-a-biella-il-pubblico-arretra-e-il-privato-avanza-non-e-emergenza-e-un-fallimento\/\"]}]},{\"@type\":\"BreadcrumbList\",\"@id\":\"\/web\/2026\/04\/14\/sanita-verzella-a-biella-il-pubblico-arretra-e-il-privato-avanza-non-e-emergenza-e-un-fallimento\/#breadcrumb\",\"itemListElement\":[{\"@type\":\"ListItem\",\"position\":1,\"name\":\"Home\",\"item\":\"\/web\/\"},{\"@type\":\"ListItem\",\"position\":2,\"name\":\"SANIT\u00c0, VERZELLA: \u201cA BIELLA IL PUBBLICO ARRETRA E IL PRIVATO AVANZA. NON \u00c8 EMERGENZA, \u00c8 UN FALLIMENTO\u201d\"}]},{\"@type\":\"WebSite\",\"@id\":\"\/web\/#website\",\"url\":\"\/web\/\",\"name\":\"Partito Democratico\",\"description\":\"\",\"potentialAction\":[{\"@type\":\"SearchAction\",\"target\":{\"@type\":\"EntryPoint\",\"urlTemplate\":\"\/web\/?s={search_term_string}\"},\"query-input\":\"required name=search_term_string\"}],\"inLanguage\":\"it-IT\"},{\"@type\":\"Person\",\"@id\":\"\/web\/#\/schema\/person\/0c13e972954f051ef0b6604dcdcd093a\",\"name\":\"apuglisi\",\"image\":{\"@type\":\"ImageObject\",\"inLanguage\":\"it-IT\",\"@id\":\"\/web\/#\/schema\/person\/image\/\",\"url\":\"http:\/\/2.gravatar.com\/avatar\/8f77005929681ecacb724a762adbc06b?s=96&d=mm&r=g\",\"contentUrl\":\"http:\/\/2.gravatar.com\/avatar\/8f77005929681ecacb724a762adbc06b?s=96&d=mm&r=g\",\"caption\":\"apuglisi\"},\"url\":\"\/web\/author\/apuglisi\/\"}]}<\/script>\n<!-- \/ Yoast SEO plugin. -->","yoast_head_json":{"title":"SANIT\u00c0, VERZELLA: \u201cA BIELLA IL PUBBLICO ARRETRA E IL PRIVATO AVANZA. NON \u00c8 EMERGENZA, \u00c8 UN FALLIMENTO\u201d - Partito Democratico","robots":{"index":"index","follow":"follow","max-snippet":"max-snippet:-1","max-image-preview":"max-image-preview:large","max-video-preview":"max-video-preview:-1"},"canonical":"\/web\/2026\/04\/14\/sanita-verzella-a-biella-il-pubblico-arretra-e-il-privato-avanza-non-e-emergenza-e-un-fallimento\/","og_locale":"it_IT","og_type":"article","og_title":"SANIT\u00c0, VERZELLA: \u201cA BIELLA IL PUBBLICO ARRETRA E IL PRIVATO AVANZA. NON \u00c8 EMERGENZA, \u00c8 UN FALLIMENTO\u201d - Partito Democratico","og_description":"\u00abAltro che emergenza: quello che sta accadendo nella sanit\u00e0 biellese \u00e8 un fallimento strutturale\u00bb. La Consigliera regionale Emanuela Verzella attacca senza mezzi termini dopo aver portato in Question Time il tema delle esternalizzazioni all\u2019interno dell\u2019ASL BI. \u00abCi raccontano solo dei gettonisti, ma la realt\u00e0 \u00e8 molto pi\u00f9 grave: non si tratta solo di coprire turni. [&hellip;]","og_url":"\/web\/2026\/04\/14\/sanita-verzella-a-biella-il-pubblico-arretra-e-il-privato-avanza-non-e-emergenza-e-un-fallimento\/","og_site_name":"Partito Democratico","article_published_time":"2026-04-14T16:00:00+00:00","article_modified_time":"2026-04-17T09:36:48+00:00","author":"apuglisi","twitter_misc":{"Scritto da":"apuglisi","Tempo di lettura stimato":"2 minuti"},"schema":{"@context":"https:\/\/schema.org","@graph":[{"@type":"WebPage","@id":"\/web\/2026\/04\/14\/sanita-verzella-a-biella-il-pubblico-arretra-e-il-privato-avanza-non-e-emergenza-e-un-fallimento\/","url":"\/web\/2026\/04\/14\/sanita-verzella-a-biella-il-pubblico-arretra-e-il-privato-avanza-non-e-emergenza-e-un-fallimento\/","name":"SANIT\u00c0, VERZELLA: \u201cA BIELLA IL PUBBLICO ARRETRA E IL PRIVATO AVANZA. NON \u00c8 EMERGENZA, \u00c8 UN FALLIMENTO\u201d - Partito Democratico","isPartOf":{"@id":"\/web\/#website"},"datePublished":"2026-04-14T16:00:00+00:00","dateModified":"2026-04-17T09:36:48+00:00","author":{"@id":"\/web\/#\/schema\/person\/0c13e972954f051ef0b6604dcdcd093a"},"breadcrumb":{"@id":"\/web\/2026\/04\/14\/sanita-verzella-a-biella-il-pubblico-arretra-e-il-privato-avanza-non-e-emergenza-e-un-fallimento\/#breadcrumb"},"inLanguage":"it-IT","potentialAction":[{"@type":"ReadAction","target":["\/web\/2026\/04\/14\/sanita-verzella-a-biella-il-pubblico-arretra-e-il-privato-avanza-non-e-emergenza-e-un-fallimento\/"]}]},{"@type":"BreadcrumbList","@id":"\/web\/2026\/04\/14\/sanita-verzella-a-biella-il-pubblico-arretra-e-il-privato-avanza-non-e-emergenza-e-un-fallimento\/#breadcrumb","itemListElement":[{"@type":"ListItem","position":1,"name":"Home","item":"\/web\/"},{"@type":"ListItem","position":2,"name":"SANIT\u00c0, VERZELLA: \u201cA BIELLA IL PUBBLICO ARRETRA E IL PRIVATO AVANZA. NON \u00c8 EMERGENZA, \u00c8 UN FALLIMENTO\u201d"}]},{"@type":"WebSite","@id":"\/web\/#website","url":"\/web\/","name":"Partito Democratico","description":"","potentialAction":[{"@type":"SearchAction","target":{"@type":"EntryPoint","urlTemplate":"\/web\/?s={search_term_string}"},"query-input":"required name=search_term_string"}],"inLanguage":"it-IT"},{"@type":"Person","@id":"\/web\/#\/schema\/person\/0c13e972954f051ef0b6604dcdcd093a","name":"apuglisi","image":{"@type":"ImageObject","inLanguage":"it-IT","@id":"\/web\/#\/schema\/person\/image\/","url":"http:\/\/2.gravatar.com\/avatar\/8f77005929681ecacb724a762adbc06b?s=96&d=mm&r=g","contentUrl":"http:\/\/2.gravatar.com\/avatar\/8f77005929681ecacb724a762adbc06b?s=96&d=mm&r=g","caption":"apuglisi"},"url":"\/web\/author\/apuglisi\/"}]}},"_links":{"self":[{"href":"\/web\/wp-json\/wp\/v2\/posts\/3843"}],"collection":[{"href":"\/web\/wp-json\/wp\/v2\/posts"}],"about":[{"href":"\/web\/wp-json\/wp\/v2\/types\/post"}],"author":[{"embeddable":true,"href":"\/web\/wp-json\/wp\/v2\/users\/100"}],"replies":[{"embeddable":true,"href":"\/web\/wp-json\/wp\/v2\/comments?post=3843"}],"version-history":[{"count":1,"href":"\/web\/wp-json\/wp\/v2\/posts\/3843\/revisions"}],"predecessor-version":[{"id":3844,"href":"\/web\/wp-json\/wp\/v2\/posts\/3843\/revisions\/3844"}],"wp:attachment":[{"href":"\/web\/wp-json\/wp\/v2\/media?parent=3843"}],"wp:term":[{"taxonomy":"category","embeddable":true,"href":"\/web\/wp-json\/wp\/v2\/categories?post=3843"},{"taxonomy":"post_tag","embeddable":true,"href":"\/web\/wp-json\/wp\/v2\/tags?post=3843"}],"curies":[{"name":"wp","href":"https:\/\/api.w.org\/{rel}","templated":true}]}}