{"id":3817,"date":"2026-04-09T11:51:34","date_gmt":"2026-04-09T09:51:34","guid":{"rendered":"\/web\/?p=3817"},"modified":"2026-04-09T11:51:37","modified_gmt":"2026-04-09T09:51:37","slug":"pompeo-anagrafe-digitale-dei-beni-culturali-la-regione-e-pronta-ad-affrontare-il-cambiamento-e-a-cogliere-lopportunita-mi-aspetto-risposte-chiare-in-tempi-stretti","status":"publish","type":"post","link":"\/web\/2026\/04\/09\/pompeo-anagrafe-digitale-dei-beni-culturali-la-regione-e-pronta-ad-affrontare-il-cambiamento-e-a-cogliere-lopportunita-mi-aspetto-risposte-chiare-in-tempi-stretti\/","title":{"rendered":"POMPEO: \u201cAnagrafe Digitale dei Beni Culturali: la Regione \u00e8 pronta ad affrontare il cambiamento e a cogliere l\u2019opportunit\u00e0? Mi aspetto risposte chiare in tempi stretti!\u201d"},"content":{"rendered":"\n<p>9 aprile 2026&nbsp;\u2013 \u201cLa riforma nazionale dei beni culturali entrer\u00e0 in vigore tra pochi giorni e istituir\u00e0 la nuova&nbsp;<strong>Anagrafe Digitale dei Beni Culturali Pubblici<\/strong>. Alla luce di queste modifiche, voglio capire se la Regione Piemonte \u00e8 pronta a recepire la normativa e ha predisposto una strategia chiara e dati aggiornati. Le leggi devono essere applicate correttamente e in tempi rapidi. Ho presentato, quindi, un\u2019interrogazione per sapere dall\u2019Assessore competente come si stia preparando la Regione rispetto alle novit\u00e0 introdotte\u201d dichiara la&nbsp;<strong>Consigliera regionale del Partito Democratico<\/strong>&nbsp;<strong>Laura Pompeo<\/strong>.<\/p>\n\n\n\n<p>\u201cLa nuova legge prevede, infatti, obblighi stringenti per tutte le amministrazioni pubbliche, comprese le Regioni, che dovranno aggiornare e comunicare aggiornare un insieme molto ampio di dati relativi ai beni culturali di propriet\u00e0 o in disponibilit\u00e0. L\u2019Anagrafe digitale richieder\u00e0 informazioni dettagliate non solo sulla natura e sulla gestione dei beni, ma anche sui livelli minimi di qualit\u00e0 delle attivit\u00e0 di valorizzazione, sull\u2019accessibilit\u00e0, sull\u2019efficienza, sulla sostenibilit\u00e0 economica e perfino sugli immobili culturali in disuso presenti sul territorio. \u00c8 un lavoro imponente, che non pu\u00f2 essere improvvisato. Mi auguro che l\u2019Assessorato alla Cultura sia pronto a gestirlo\u201d prosegue la&nbsp;<strong>Consigliera regionale Pd.<\/strong><\/p>\n\n\n\n<p>\u201cEntrando nel dettaglio dell\u2019atto ispettivo, voglio sapere dall\u2019Assessore alla Cultura&nbsp;<strong>come la nuova normativa influir\u00e0 sulle politiche culturali regionali<\/strong>&nbsp;e quali indirizzi la Regione intenda adottare,&nbsp;<strong>quale posizione il Piemonte porter\u00e0 in Conferenza Unificata<\/strong>&nbsp;nella definizione delle procedure di funzionamento dell\u2019Anagrafe digitale, delle modalit\u00e0 di raccolta e pubblicazione dei dati e dell\u2019interoperabilit\u00e0 con le altre banche dati nazionali e territoriali,&nbsp;<strong>quale sia l\u2019attuale livello di completezza del censimento regionale dei beni culturali<\/strong>, inclusi gli immobili in disuso, per i quali la legge richiede informazioni puntuali su localizzazione, propriet\u00e0, tutela, stato di conservazione e progetti di valorizzazione,&nbsp;<strong>come la Regione intenda intervenire nella definizione dei criteri di accesso all\u2019Albo digitale della sussidiariet\u00e0 orizzontale<\/strong>, che raccoglier\u00e0 i soggetti privati interessati alla gestione indiretta dei beni culturali pubblici e, infine,&nbsp;<strong>quale contributo il Piemonte porter\u00e0 alla definizione della strategia nazionale \u201cItalia in scena\u201d<\/strong>, che il Ministero della Cultura dovr\u00e0 elaborare entro il 2028 sulla base dei dati dell\u2019Anagrafe e con il coinvolgimento dei privati iscritti all\u2019Albo\u201d precisa&nbsp;<strong>Laura Pompeo.<\/strong><\/p>\n\n\n\n<p>\u201cIl Piemonte \u2013 conclude&nbsp;<strong>Pompeo<\/strong>&nbsp;\u2013 possiede un patrimonio culturale straordinario, ma purtroppo molto spesso abbandonato a se stesso e, in alcuni casi, non valorizzato correttamente. La nuova normativa potr\u00e0 rappresentare un\u2019opportunit\u00e0, ma solo se la Regione sapr\u00e0 governare il processo, dotarsi di strumenti adeguati e garantire trasparenza, qualit\u00e0 dei dati e una visione strategica. Mi chiedo se questa Giunta sia pronta a affrontare il cambiamento. Auspico che l\u2019Assessore risponda in tempi brevi!\u201d.<\/p>\n","protected":false},"excerpt":{"rendered":"<p>9 aprile 2026&nbsp;\u2013 \u201cLa riforma nazionale dei beni culturali entrer\u00e0 in vigore tra pochi giorni e istituir\u00e0 la nuova&nbsp;Anagrafe Digitale dei Beni Culturali Pubblici. Alla luce di queste modifiche, voglio capire se la Regione Piemonte \u00e8 pronta a recepire la normativa e ha predisposto una strategia chiara e dati aggiornati. Le leggi devono essere applicate [&hellip;]<\/p>\n","protected":false},"author":100,"featured_media":0,"comment_status":"closed","ping_status":"closed","sticky":false,"template":"","format":"standard","meta":[],"categories":[4,65,63],"tags":[92],"yoast_head":"<!-- This site is optimized with the Yoast SEO plugin v19.12 - https:\/\/yoast.com\/wordpress\/plugins\/seo\/ -->\n<title>POMPEO: \u201cAnagrafe Digitale dei Beni Culturali: la Regione \u00e8 pronta ad affrontare il cambiamento e a cogliere l\u2019opportunit\u00e0? Mi aspetto risposte chiare in tempi stretti!\u201d - Partito Democratico<\/title>\n<meta name=\"robots\" content=\"index, follow, max-snippet:-1, max-image-preview:large, max-video-preview:-1\" \/>\n<link rel=\"canonical\" href=\"\/web\/2026\/04\/09\/pompeo-anagrafe-digitale-dei-beni-culturali-la-regione-e-pronta-ad-affrontare-il-cambiamento-e-a-cogliere-lopportunita-mi-aspetto-risposte-chiare-in-tempi-stretti\/\" \/>\n<meta property=\"og:locale\" content=\"it_IT\" \/>\n<meta property=\"og:type\" content=\"article\" \/>\n<meta property=\"og:title\" content=\"POMPEO: \u201cAnagrafe Digitale dei Beni Culturali: la Regione \u00e8 pronta ad affrontare il cambiamento e a cogliere l\u2019opportunit\u00e0? Mi aspetto risposte chiare in tempi stretti!\u201d - Partito Democratico\" \/>\n<meta property=\"og:description\" content=\"9 aprile 2026&nbsp;\u2013 \u201cLa riforma nazionale dei beni culturali entrer\u00e0 in vigore tra pochi giorni e istituir\u00e0 la nuova&nbsp;Anagrafe Digitale dei Beni Culturali Pubblici. Alla luce di queste modifiche, voglio capire se la Regione Piemonte \u00e8 pronta a recepire la normativa e ha predisposto una strategia chiara e dati aggiornati. Le leggi devono essere applicate [&hellip;]\" \/>\n<meta property=\"og:url\" content=\"\/web\/2026\/04\/09\/pompeo-anagrafe-digitale-dei-beni-culturali-la-regione-e-pronta-ad-affrontare-il-cambiamento-e-a-cogliere-lopportunita-mi-aspetto-risposte-chiare-in-tempi-stretti\/\" \/>\n<meta property=\"og:site_name\" content=\"Partito Democratico\" \/>\n<meta property=\"article:published_time\" content=\"2026-04-09T09:51:34+00:00\" \/>\n<meta property=\"article:modified_time\" content=\"2026-04-09T09:51:37+00:00\" \/>\n<meta name=\"author\" content=\"apuglisi\" \/>\n<meta name=\"twitter:label1\" content=\"Scritto da\" \/>\n\t<meta name=\"twitter:data1\" content=\"apuglisi\" \/>\n\t<meta name=\"twitter:label2\" content=\"Tempo di lettura stimato\" \/>\n\t<meta name=\"twitter:data2\" content=\"2 minuti\" \/>\n<script type=\"application\/ld+json\" class=\"yoast-schema-graph\">{\"@context\":\"https:\/\/schema.org\",\"@graph\":[{\"@type\":\"WebPage\",\"@id\":\"\/web\/2026\/04\/09\/pompeo-anagrafe-digitale-dei-beni-culturali-la-regione-e-pronta-ad-affrontare-il-cambiamento-e-a-cogliere-lopportunita-mi-aspetto-risposte-chiare-in-tempi-stretti\/\",\"url\":\"\/web\/2026\/04\/09\/pompeo-anagrafe-digitale-dei-beni-culturali-la-regione-e-pronta-ad-affrontare-il-cambiamento-e-a-cogliere-lopportunita-mi-aspetto-risposte-chiare-in-tempi-stretti\/\",\"name\":\"POMPEO: \u201cAnagrafe Digitale dei Beni Culturali: la Regione \u00e8 pronta ad affrontare il cambiamento e a cogliere l\u2019opportunit\u00e0? Mi aspetto risposte chiare in tempi stretti!\u201d - Partito Democratico\",\"isPartOf\":{\"@id\":\"\/web\/#website\"},\"datePublished\":\"2026-04-09T09:51:34+00:00\",\"dateModified\":\"2026-04-09T09:51:37+00:00\",\"author\":{\"@id\":\"\/web\/#\/schema\/person\/0c13e972954f051ef0b6604dcdcd093a\"},\"breadcrumb\":{\"@id\":\"\/web\/2026\/04\/09\/pompeo-anagrafe-digitale-dei-beni-culturali-la-regione-e-pronta-ad-affrontare-il-cambiamento-e-a-cogliere-lopportunita-mi-aspetto-risposte-chiare-in-tempi-stretti\/#breadcrumb\"},\"inLanguage\":\"it-IT\",\"potentialAction\":[{\"@type\":\"ReadAction\",\"target\":[\"\/web\/2026\/04\/09\/pompeo-anagrafe-digitale-dei-beni-culturali-la-regione-e-pronta-ad-affrontare-il-cambiamento-e-a-cogliere-lopportunita-mi-aspetto-risposte-chiare-in-tempi-stretti\/\"]}]},{\"@type\":\"BreadcrumbList\",\"@id\":\"\/web\/2026\/04\/09\/pompeo-anagrafe-digitale-dei-beni-culturali-la-regione-e-pronta-ad-affrontare-il-cambiamento-e-a-cogliere-lopportunita-mi-aspetto-risposte-chiare-in-tempi-stretti\/#breadcrumb\",\"itemListElement\":[{\"@type\":\"ListItem\",\"position\":1,\"name\":\"Home\",\"item\":\"\/web\/\"},{\"@type\":\"ListItem\",\"position\":2,\"name\":\"POMPEO: \u201cAnagrafe Digitale dei Beni Culturali: la Regione \u00e8 pronta ad affrontare il cambiamento e a cogliere l\u2019opportunit\u00e0? Mi aspetto risposte chiare in tempi stretti!\u201d\"}]},{\"@type\":\"WebSite\",\"@id\":\"\/web\/#website\",\"url\":\"\/web\/\",\"name\":\"Partito Democratico\",\"description\":\"\",\"potentialAction\":[{\"@type\":\"SearchAction\",\"target\":{\"@type\":\"EntryPoint\",\"urlTemplate\":\"\/web\/?s={search_term_string}\"},\"query-input\":\"required name=search_term_string\"}],\"inLanguage\":\"it-IT\"},{\"@type\":\"Person\",\"@id\":\"\/web\/#\/schema\/person\/0c13e972954f051ef0b6604dcdcd093a\",\"name\":\"apuglisi\",\"image\":{\"@type\":\"ImageObject\",\"inLanguage\":\"it-IT\",\"@id\":\"\/web\/#\/schema\/person\/image\/\",\"url\":\"http:\/\/2.gravatar.com\/avatar\/8f77005929681ecacb724a762adbc06b?s=96&d=mm&r=g\",\"contentUrl\":\"http:\/\/2.gravatar.com\/avatar\/8f77005929681ecacb724a762adbc06b?s=96&d=mm&r=g\",\"caption\":\"apuglisi\"},\"url\":\"\/web\/author\/apuglisi\/\"}]}<\/script>\n<!-- \/ Yoast SEO plugin. -->","yoast_head_json":{"title":"POMPEO: \u201cAnagrafe Digitale dei Beni Culturali: la Regione \u00e8 pronta ad affrontare il cambiamento e a cogliere l\u2019opportunit\u00e0? Mi aspetto risposte chiare in tempi stretti!\u201d - Partito Democratico","robots":{"index":"index","follow":"follow","max-snippet":"max-snippet:-1","max-image-preview":"max-image-preview:large","max-video-preview":"max-video-preview:-1"},"canonical":"\/web\/2026\/04\/09\/pompeo-anagrafe-digitale-dei-beni-culturali-la-regione-e-pronta-ad-affrontare-il-cambiamento-e-a-cogliere-lopportunita-mi-aspetto-risposte-chiare-in-tempi-stretti\/","og_locale":"it_IT","og_type":"article","og_title":"POMPEO: \u201cAnagrafe Digitale dei Beni Culturali: la Regione \u00e8 pronta ad affrontare il cambiamento e a cogliere l\u2019opportunit\u00e0? Mi aspetto risposte chiare in tempi stretti!\u201d - Partito Democratico","og_description":"9 aprile 2026&nbsp;\u2013 \u201cLa riforma nazionale dei beni culturali entrer\u00e0 in vigore tra pochi giorni e istituir\u00e0 la nuova&nbsp;Anagrafe Digitale dei Beni Culturali Pubblici. Alla luce di queste modifiche, voglio capire se la Regione Piemonte \u00e8 pronta a recepire la normativa e ha predisposto una strategia chiara e dati aggiornati. Le leggi devono essere applicate [&hellip;]","og_url":"\/web\/2026\/04\/09\/pompeo-anagrafe-digitale-dei-beni-culturali-la-regione-e-pronta-ad-affrontare-il-cambiamento-e-a-cogliere-lopportunita-mi-aspetto-risposte-chiare-in-tempi-stretti\/","og_site_name":"Partito Democratico","article_published_time":"2026-04-09T09:51:34+00:00","article_modified_time":"2026-04-09T09:51:37+00:00","author":"apuglisi","twitter_misc":{"Scritto da":"apuglisi","Tempo di lettura stimato":"2 minuti"},"schema":{"@context":"https:\/\/schema.org","@graph":[{"@type":"WebPage","@id":"\/web\/2026\/04\/09\/pompeo-anagrafe-digitale-dei-beni-culturali-la-regione-e-pronta-ad-affrontare-il-cambiamento-e-a-cogliere-lopportunita-mi-aspetto-risposte-chiare-in-tempi-stretti\/","url":"\/web\/2026\/04\/09\/pompeo-anagrafe-digitale-dei-beni-culturali-la-regione-e-pronta-ad-affrontare-il-cambiamento-e-a-cogliere-lopportunita-mi-aspetto-risposte-chiare-in-tempi-stretti\/","name":"POMPEO: \u201cAnagrafe Digitale dei Beni Culturali: la Regione \u00e8 pronta ad affrontare il cambiamento e a cogliere l\u2019opportunit\u00e0? Mi aspetto risposte chiare in tempi stretti!\u201d - Partito Democratico","isPartOf":{"@id":"\/web\/#website"},"datePublished":"2026-04-09T09:51:34+00:00","dateModified":"2026-04-09T09:51:37+00:00","author":{"@id":"\/web\/#\/schema\/person\/0c13e972954f051ef0b6604dcdcd093a"},"breadcrumb":{"@id":"\/web\/2026\/04\/09\/pompeo-anagrafe-digitale-dei-beni-culturali-la-regione-e-pronta-ad-affrontare-il-cambiamento-e-a-cogliere-lopportunita-mi-aspetto-risposte-chiare-in-tempi-stretti\/#breadcrumb"},"inLanguage":"it-IT","potentialAction":[{"@type":"ReadAction","target":["\/web\/2026\/04\/09\/pompeo-anagrafe-digitale-dei-beni-culturali-la-regione-e-pronta-ad-affrontare-il-cambiamento-e-a-cogliere-lopportunita-mi-aspetto-risposte-chiare-in-tempi-stretti\/"]}]},{"@type":"BreadcrumbList","@id":"\/web\/2026\/04\/09\/pompeo-anagrafe-digitale-dei-beni-culturali-la-regione-e-pronta-ad-affrontare-il-cambiamento-e-a-cogliere-lopportunita-mi-aspetto-risposte-chiare-in-tempi-stretti\/#breadcrumb","itemListElement":[{"@type":"ListItem","position":1,"name":"Home","item":"\/web\/"},{"@type":"ListItem","position":2,"name":"POMPEO: \u201cAnagrafe Digitale dei Beni Culturali: la Regione \u00e8 pronta ad affrontare il cambiamento e a cogliere l\u2019opportunit\u00e0? Mi aspetto risposte chiare in tempi stretti!\u201d"}]},{"@type":"WebSite","@id":"\/web\/#website","url":"\/web\/","name":"Partito Democratico","description":"","potentialAction":[{"@type":"SearchAction","target":{"@type":"EntryPoint","urlTemplate":"\/web\/?s={search_term_string}"},"query-input":"required name=search_term_string"}],"inLanguage":"it-IT"},{"@type":"Person","@id":"\/web\/#\/schema\/person\/0c13e972954f051ef0b6604dcdcd093a","name":"apuglisi","image":{"@type":"ImageObject","inLanguage":"it-IT","@id":"\/web\/#\/schema\/person\/image\/","url":"http:\/\/2.gravatar.com\/avatar\/8f77005929681ecacb724a762adbc06b?s=96&d=mm&r=g","contentUrl":"http:\/\/2.gravatar.com\/avatar\/8f77005929681ecacb724a762adbc06b?s=96&d=mm&r=g","caption":"apuglisi"},"url":"\/web\/author\/apuglisi\/"}]}},"_links":{"self":[{"href":"\/web\/wp-json\/wp\/v2\/posts\/3817"}],"collection":[{"href":"\/web\/wp-json\/wp\/v2\/posts"}],"about":[{"href":"\/web\/wp-json\/wp\/v2\/types\/post"}],"author":[{"embeddable":true,"href":"\/web\/wp-json\/wp\/v2\/users\/100"}],"replies":[{"embeddable":true,"href":"\/web\/wp-json\/wp\/v2\/comments?post=3817"}],"version-history":[{"count":1,"href":"\/web\/wp-json\/wp\/v2\/posts\/3817\/revisions"}],"predecessor-version":[{"id":3818,"href":"\/web\/wp-json\/wp\/v2\/posts\/3817\/revisions\/3818"}],"wp:attachment":[{"href":"\/web\/wp-json\/wp\/v2\/media?parent=3817"}],"wp:term":[{"taxonomy":"category","embeddable":true,"href":"\/web\/wp-json\/wp\/v2\/categories?post=3817"},{"taxonomy":"post_tag","embeddable":true,"href":"\/web\/wp-json\/wp\/v2\/tags?post=3817"}],"curies":[{"name":"wp","href":"https:\/\/api.w.org\/{rel}","templated":true}]}}