{"id":3807,"date":"2026-04-07T08:59:38","date_gmt":"2026-04-07T06:59:38","guid":{"rendered":"\/web\/?p=3807"},"modified":"2026-04-07T08:59:40","modified_gmt":"2026-04-07T06:59:40","slug":"barattolo-conticelli-pd-fallita-la-linea-della-regione-ora-si-riveda-il-protocollo-con-comune-e-circoscrizione","status":"publish","type":"post","link":"\/web\/2026\/04\/07\/barattolo-conticelli-pd-fallita-la-linea-della-regione-ora-si-riveda-il-protocollo-con-comune-e-circoscrizione\/","title":{"rendered":"Barattolo. Conticelli (PD): &#8220;Fallita la linea della Regione. Ora si riveda il protocollo con Comune e Circoscrizione&#8221;."},"content":{"rendered":"\n<p>&#8220;Una situazione ampiamente annunciata, che abbiamo denunciato anche nell\u2019aula del consiglio regionale, quella che si \u00e8 verificata questa mattina in via Carcano. Limitare le giornate di svolgimento del Barattolo, frutto di un percorso che ha portato negli anni a gestire nella legalit\u00e0 il libero scambio, poteva avere un solo esito: quello di scaricare il disagio sul territorio e sull\u2019amministrazione comunale. In questo caso, in sostanza si \u00e8 trasformata una misura di welfare in un problema di ordine pubblico, strumentalizzando la povert\u00e0 e la fragilit\u00e0 sociale a scopo elettorale. Il fatto che il mercato, trovando l\u2019area chiusa, potesse ricrearsi all\u2019esterno non solo era ampiamente prevedibile, ma viene il fondato dubbio che si sia voluto andare proprio in quella direzione per mettere in difficolt\u00e0 il territorio.<\/p>\n\n\n\n<p>&#8220;Ora che \u00e8 palese il fallimento di questa imposizione della Regione Piemonte sul mercato di libero scambio, chiediamo che gli assessori regionali al welfare e al commercio rivedono il protocollo per il Barattolo, insieme a Comune, Circoscrizione e Prefettura&#8221;<\/p>\n\n\n\n<p>Lo dichiara Nadia Conticelli<br>Consigliera regionale PD<\/p>\n","protected":false},"excerpt":{"rendered":"<p>&#8220;Una situazione ampiamente annunciata, che abbiamo denunciato anche nell\u2019aula del consiglio regionale, quella che si \u00e8 verificata questa mattina in via Carcano. Limitare le giornate di svolgimento del Barattolo, frutto di un percorso che ha portato negli anni a gestire nella legalit\u00e0 il libero scambio, poteva avere un solo esito: quello di scaricare il disagio [&hellip;]<\/p>\n","protected":false},"author":100,"featured_media":0,"comment_status":"closed","ping_status":"closed","sticky":false,"template":"","format":"standard","meta":[],"categories":[22,58],"tags":[44],"yoast_head":"<!-- This site is optimized with the Yoast SEO plugin v19.12 - https:\/\/yoast.com\/wordpress\/plugins\/seo\/ -->\n<title>Barattolo. Conticelli (PD): &quot;Fallita la linea della Regione. Ora si riveda il protocollo con Comune e Circoscrizione&quot;. - Partito Democratico<\/title>\n<meta name=\"robots\" content=\"index, follow, max-snippet:-1, max-image-preview:large, max-video-preview:-1\" \/>\n<link rel=\"canonical\" href=\"\/web\/2026\/04\/07\/barattolo-conticelli-pd-fallita-la-linea-della-regione-ora-si-riveda-il-protocollo-con-comune-e-circoscrizione\/\" \/>\n<meta property=\"og:locale\" content=\"it_IT\" \/>\n<meta property=\"og:type\" content=\"article\" \/>\n<meta property=\"og:title\" content=\"Barattolo. Conticelli (PD): &quot;Fallita la linea della Regione. Ora si riveda il protocollo con Comune e Circoscrizione&quot;. - Partito Democratico\" \/>\n<meta property=\"og:description\" content=\"&#8220;Una situazione ampiamente annunciata, che abbiamo denunciato anche nell\u2019aula del consiglio regionale, quella che si \u00e8 verificata questa mattina in via Carcano. Limitare le giornate di svolgimento del Barattolo, frutto di un percorso che ha portato negli anni a gestire nella legalit\u00e0 il libero scambio, poteva avere un solo esito: quello di scaricare il disagio [&hellip;]\" \/>\n<meta property=\"og:url\" content=\"\/web\/2026\/04\/07\/barattolo-conticelli-pd-fallita-la-linea-della-regione-ora-si-riveda-il-protocollo-con-comune-e-circoscrizione\/\" \/>\n<meta property=\"og:site_name\" content=\"Partito Democratico\" \/>\n<meta property=\"article:published_time\" content=\"2026-04-07T06:59:38+00:00\" \/>\n<meta property=\"article:modified_time\" content=\"2026-04-07T06:59:40+00:00\" \/>\n<meta name=\"author\" content=\"apuglisi\" \/>\n<meta name=\"twitter:label1\" content=\"Scritto da\" \/>\n\t<meta name=\"twitter:data1\" content=\"apuglisi\" \/>\n\t<meta name=\"twitter:label2\" content=\"Tempo di lettura stimato\" \/>\n\t<meta name=\"twitter:data2\" content=\"1 minuto\" \/>\n<script type=\"application\/ld+json\" class=\"yoast-schema-graph\">{\"@context\":\"https:\/\/schema.org\",\"@graph\":[{\"@type\":\"WebPage\",\"@id\":\"\/web\/2026\/04\/07\/barattolo-conticelli-pd-fallita-la-linea-della-regione-ora-si-riveda-il-protocollo-con-comune-e-circoscrizione\/\",\"url\":\"\/web\/2026\/04\/07\/barattolo-conticelli-pd-fallita-la-linea-della-regione-ora-si-riveda-il-protocollo-con-comune-e-circoscrizione\/\",\"name\":\"Barattolo. Conticelli (PD): \\\"Fallita la linea della Regione. Ora si riveda il protocollo con Comune e Circoscrizione\\\". - Partito Democratico\",\"isPartOf\":{\"@id\":\"\/web\/#website\"},\"datePublished\":\"2026-04-07T06:59:38+00:00\",\"dateModified\":\"2026-04-07T06:59:40+00:00\",\"author\":{\"@id\":\"\/web\/#\/schema\/person\/0c13e972954f051ef0b6604dcdcd093a\"},\"breadcrumb\":{\"@id\":\"\/web\/2026\/04\/07\/barattolo-conticelli-pd-fallita-la-linea-della-regione-ora-si-riveda-il-protocollo-con-comune-e-circoscrizione\/#breadcrumb\"},\"inLanguage\":\"it-IT\",\"potentialAction\":[{\"@type\":\"ReadAction\",\"target\":[\"\/web\/2026\/04\/07\/barattolo-conticelli-pd-fallita-la-linea-della-regione-ora-si-riveda-il-protocollo-con-comune-e-circoscrizione\/\"]}]},{\"@type\":\"BreadcrumbList\",\"@id\":\"\/web\/2026\/04\/07\/barattolo-conticelli-pd-fallita-la-linea-della-regione-ora-si-riveda-il-protocollo-con-comune-e-circoscrizione\/#breadcrumb\",\"itemListElement\":[{\"@type\":\"ListItem\",\"position\":1,\"name\":\"Home\",\"item\":\"\/web\/\"},{\"@type\":\"ListItem\",\"position\":2,\"name\":\"Barattolo. Conticelli (PD): &#8220;Fallita la linea della Regione. Ora si riveda il protocollo con Comune e Circoscrizione&#8221;.\"}]},{\"@type\":\"WebSite\",\"@id\":\"\/web\/#website\",\"url\":\"\/web\/\",\"name\":\"Partito Democratico\",\"description\":\"\",\"potentialAction\":[{\"@type\":\"SearchAction\",\"target\":{\"@type\":\"EntryPoint\",\"urlTemplate\":\"\/web\/?s={search_term_string}\"},\"query-input\":\"required name=search_term_string\"}],\"inLanguage\":\"it-IT\"},{\"@type\":\"Person\",\"@id\":\"\/web\/#\/schema\/person\/0c13e972954f051ef0b6604dcdcd093a\",\"name\":\"apuglisi\",\"image\":{\"@type\":\"ImageObject\",\"inLanguage\":\"it-IT\",\"@id\":\"\/web\/#\/schema\/person\/image\/\",\"url\":\"http:\/\/2.gravatar.com\/avatar\/8f77005929681ecacb724a762adbc06b?s=96&d=mm&r=g\",\"contentUrl\":\"http:\/\/2.gravatar.com\/avatar\/8f77005929681ecacb724a762adbc06b?s=96&d=mm&r=g\",\"caption\":\"apuglisi\"},\"url\":\"\/web\/author\/apuglisi\/\"}]}<\/script>\n<!-- \/ Yoast SEO plugin. -->","yoast_head_json":{"title":"Barattolo. Conticelli (PD): \"Fallita la linea della Regione. Ora si riveda il protocollo con Comune e Circoscrizione\". - Partito Democratico","robots":{"index":"index","follow":"follow","max-snippet":"max-snippet:-1","max-image-preview":"max-image-preview:large","max-video-preview":"max-video-preview:-1"},"canonical":"\/web\/2026\/04\/07\/barattolo-conticelli-pd-fallita-la-linea-della-regione-ora-si-riveda-il-protocollo-con-comune-e-circoscrizione\/","og_locale":"it_IT","og_type":"article","og_title":"Barattolo. Conticelli (PD): \"Fallita la linea della Regione. Ora si riveda il protocollo con Comune e Circoscrizione\". - Partito Democratico","og_description":"&#8220;Una situazione ampiamente annunciata, che abbiamo denunciato anche nell\u2019aula del consiglio regionale, quella che si \u00e8 verificata questa mattina in via Carcano. Limitare le giornate di svolgimento del Barattolo, frutto di un percorso che ha portato negli anni a gestire nella legalit\u00e0 il libero scambio, poteva avere un solo esito: quello di scaricare il disagio [&hellip;]","og_url":"\/web\/2026\/04\/07\/barattolo-conticelli-pd-fallita-la-linea-della-regione-ora-si-riveda-il-protocollo-con-comune-e-circoscrizione\/","og_site_name":"Partito Democratico","article_published_time":"2026-04-07T06:59:38+00:00","article_modified_time":"2026-04-07T06:59:40+00:00","author":"apuglisi","twitter_misc":{"Scritto da":"apuglisi","Tempo di lettura stimato":"1 minuto"},"schema":{"@context":"https:\/\/schema.org","@graph":[{"@type":"WebPage","@id":"\/web\/2026\/04\/07\/barattolo-conticelli-pd-fallita-la-linea-della-regione-ora-si-riveda-il-protocollo-con-comune-e-circoscrizione\/","url":"\/web\/2026\/04\/07\/barattolo-conticelli-pd-fallita-la-linea-della-regione-ora-si-riveda-il-protocollo-con-comune-e-circoscrizione\/","name":"Barattolo. Conticelli (PD): \"Fallita la linea della Regione. Ora si riveda il protocollo con Comune e Circoscrizione\". - Partito Democratico","isPartOf":{"@id":"\/web\/#website"},"datePublished":"2026-04-07T06:59:38+00:00","dateModified":"2026-04-07T06:59:40+00:00","author":{"@id":"\/web\/#\/schema\/person\/0c13e972954f051ef0b6604dcdcd093a"},"breadcrumb":{"@id":"\/web\/2026\/04\/07\/barattolo-conticelli-pd-fallita-la-linea-della-regione-ora-si-riveda-il-protocollo-con-comune-e-circoscrizione\/#breadcrumb"},"inLanguage":"it-IT","potentialAction":[{"@type":"ReadAction","target":["\/web\/2026\/04\/07\/barattolo-conticelli-pd-fallita-la-linea-della-regione-ora-si-riveda-il-protocollo-con-comune-e-circoscrizione\/"]}]},{"@type":"BreadcrumbList","@id":"\/web\/2026\/04\/07\/barattolo-conticelli-pd-fallita-la-linea-della-regione-ora-si-riveda-il-protocollo-con-comune-e-circoscrizione\/#breadcrumb","itemListElement":[{"@type":"ListItem","position":1,"name":"Home","item":"\/web\/"},{"@type":"ListItem","position":2,"name":"Barattolo. Conticelli (PD): &#8220;Fallita la linea della Regione. Ora si riveda il protocollo con Comune e Circoscrizione&#8221;."}]},{"@type":"WebSite","@id":"\/web\/#website","url":"\/web\/","name":"Partito Democratico","description":"","potentialAction":[{"@type":"SearchAction","target":{"@type":"EntryPoint","urlTemplate":"\/web\/?s={search_term_string}"},"query-input":"required name=search_term_string"}],"inLanguage":"it-IT"},{"@type":"Person","@id":"\/web\/#\/schema\/person\/0c13e972954f051ef0b6604dcdcd093a","name":"apuglisi","image":{"@type":"ImageObject","inLanguage":"it-IT","@id":"\/web\/#\/schema\/person\/image\/","url":"http:\/\/2.gravatar.com\/avatar\/8f77005929681ecacb724a762adbc06b?s=96&d=mm&r=g","contentUrl":"http:\/\/2.gravatar.com\/avatar\/8f77005929681ecacb724a762adbc06b?s=96&d=mm&r=g","caption":"apuglisi"},"url":"\/web\/author\/apuglisi\/"}]}},"_links":{"self":[{"href":"\/web\/wp-json\/wp\/v2\/posts\/3807"}],"collection":[{"href":"\/web\/wp-json\/wp\/v2\/posts"}],"about":[{"href":"\/web\/wp-json\/wp\/v2\/types\/post"}],"author":[{"embeddable":true,"href":"\/web\/wp-json\/wp\/v2\/users\/100"}],"replies":[{"embeddable":true,"href":"\/web\/wp-json\/wp\/v2\/comments?post=3807"}],"version-history":[{"count":1,"href":"\/web\/wp-json\/wp\/v2\/posts\/3807\/revisions"}],"predecessor-version":[{"id":3808,"href":"\/web\/wp-json\/wp\/v2\/posts\/3807\/revisions\/3808"}],"wp:attachment":[{"href":"\/web\/wp-json\/wp\/v2\/media?parent=3807"}],"wp:term":[{"taxonomy":"category","embeddable":true,"href":"\/web\/wp-json\/wp\/v2\/categories?post=3807"},{"taxonomy":"post_tag","embeddable":true,"href":"\/web\/wp-json\/wp\/v2\/tags?post=3807"}],"curies":[{"name":"wp","href":"https:\/\/api.w.org\/{rel}","templated":true}]}}