{"id":3799,"date":"2026-04-02T11:40:54","date_gmt":"2026-04-02T09:40:54","guid":{"rendered":"\/web\/?p=3799"},"modified":"2026-04-02T11:40:56","modified_gmt":"2026-04-02T09:40:56","slug":"pompeo-tutela-dellarchivio-storico-de-la-stampa-la-regione-intervenga-subito","status":"publish","type":"post","link":"\/web\/2026\/04\/02\/pompeo-tutela-dellarchivio-storico-de-la-stampa-la-regione-intervenga-subito\/","title":{"rendered":"POMPEO: \u201cTutela dell\u2019Archivio Storico de \u201cLa Stampa\u201d: la Regione intervenga subito\u201d"},"content":{"rendered":"\n<p>2 aprile 2026&nbsp;&#8211; \u201cHo presentato un\u2019interrogazione in Consiglio regionale per fare chiarezza e avere maggiori dettagli sul passaggio di propriet\u00e0 della testata&nbsp;<em>La Stampa<\/em>&nbsp;e del suo Archivio Storico dal Gruppo GEDI al Gruppo SAE. L\u2019Archivio rappresenta una memoria storica che non pu\u00f2 essere messa a rischio ed \u00e8 sottoposto a tutela dal 2003. Il&nbsp;<strong>Codice dei Beni Culturali<\/strong>&nbsp;impone obblighi stringenti ai proprietari, tra i quali la conservazione dell\u2019unitariet\u00e0 del fondo, il divieto di smembramento e la necessit\u00e0 di autorizzazioni specifiche per qualsiasi trasferimento\u201d spiega la&nbsp;<strong>Consigliera regionale del Partito Democratico Laura Pompeo<\/strong>.<\/p>\n\n\n\n<p>\u201cSi tratta di un organismo complesso \u2013 sottolinea la&nbsp;<strong>Consigliera Pd<\/strong>&nbsp;\u2013 che comprende il prodotto editoriale, il Centro di Documentazione, gli archivi di direzione, amministrativi e tecnici. La sua integrit\u00e0 \u00e8 un valore culturale irrinunciabile. Voglio sapere dall\u2019Assessore regionale competente se la Regione sia stata&nbsp;<strong>ufficialmente informata<\/strong>&nbsp;del trasferimento di propriet\u00e0, se, coordinandosi con il Ministero della Cultura, si intenda&nbsp;<strong>valutare l\u2019esercizio del diritto di prelazione<\/strong>&nbsp;per garantire la propriet\u00e0 pubblica dell\u2019Archivio e la sua permanenza in Piemonte, quali&nbsp;<strong>garanzie<\/strong>&nbsp;siano state richieste al nuovo acquirente riguardo al mantenimento dell\u2019unitariet\u00e0 del fondo e della sua sede torinese e, infine, se la Regione voglia promuovere un&nbsp;<strong>accordo di valorizzazione<\/strong>, sostenendo digitalizzazione e fruizione dell\u2019Archivio a condizione che ne sia assicurata l\u2019integrit\u00e0 fisica e territoriale\u201d.<\/p>\n\n\n\n<p>\u201cUn eventuale trasferimento fuori dal Piemonte \u2013 afferma&nbsp;<strong>Pompeo<\/strong>&nbsp;\u2013 costituirebbe un danno irreparabile per la nostra comunit\u00e0, per la ricerca storica e per la stessa identit\u00e0 culturale della Regione. La fragilit\u00e0 dei materiali conservati rende, inoltre, ogni trasloco un\u2019operazione ad alto rischio, che richiede un progetto tecnico rigoroso e l\u2019autorizzazione della Soprintendenza. La Regione ha il dovere di vigilare e di attivarsi, immediatamente, per tutelare il patrimonio storico e culturale del nostro Paese. Non possiamo permettere che un bene cos\u00ec prezioso venga sottratto al territorio o compromesso nella sua integrit\u00e0\u201d.<\/p>\n","protected":false},"excerpt":{"rendered":"<p>2 aprile 2026&nbsp;&#8211; \u201cHo presentato un\u2019interrogazione in Consiglio regionale per fare chiarezza e avere maggiori dettagli sul passaggio di propriet\u00e0 della testata&nbsp;La Stampa&nbsp;e del suo Archivio Storico dal Gruppo GEDI al Gruppo SAE. L\u2019Archivio rappresenta una memoria storica che non pu\u00f2 essere messa a rischio ed \u00e8 sottoposto a tutela dal 2003. Il&nbsp;Codice dei Beni [&hellip;]<\/p>\n","protected":false},"author":100,"featured_media":0,"comment_status":"closed","ping_status":"closed","sticky":false,"template":"","format":"standard","meta":[],"categories":[65,21],"tags":[92],"yoast_head":"<!-- This site is optimized with the Yoast SEO plugin v19.12 - https:\/\/yoast.com\/wordpress\/plugins\/seo\/ -->\n<title>POMPEO: \u201cTutela dell\u2019Archivio Storico de \u201cLa Stampa\u201d: la Regione intervenga subito\u201d - Partito Democratico<\/title>\n<meta name=\"robots\" content=\"index, follow, max-snippet:-1, max-image-preview:large, max-video-preview:-1\" \/>\n<link rel=\"canonical\" href=\"\/web\/2026\/04\/02\/pompeo-tutela-dellarchivio-storico-de-la-stampa-la-regione-intervenga-subito\/\" \/>\n<meta property=\"og:locale\" content=\"it_IT\" \/>\n<meta property=\"og:type\" content=\"article\" \/>\n<meta property=\"og:title\" content=\"POMPEO: \u201cTutela dell\u2019Archivio Storico de \u201cLa Stampa\u201d: la Regione intervenga subito\u201d - Partito Democratico\" \/>\n<meta property=\"og:description\" content=\"2 aprile 2026&nbsp;&#8211; \u201cHo presentato un\u2019interrogazione in Consiglio regionale per fare chiarezza e avere maggiori dettagli sul passaggio di propriet\u00e0 della testata&nbsp;La Stampa&nbsp;e del suo Archivio Storico dal Gruppo GEDI al Gruppo SAE. L\u2019Archivio rappresenta una memoria storica che non pu\u00f2 essere messa a rischio ed \u00e8 sottoposto a tutela dal 2003. Il&nbsp;Codice dei Beni [&hellip;]\" \/>\n<meta property=\"og:url\" content=\"\/web\/2026\/04\/02\/pompeo-tutela-dellarchivio-storico-de-la-stampa-la-regione-intervenga-subito\/\" \/>\n<meta property=\"og:site_name\" content=\"Partito Democratico\" \/>\n<meta property=\"article:published_time\" content=\"2026-04-02T09:40:54+00:00\" \/>\n<meta property=\"article:modified_time\" content=\"2026-04-02T09:40:56+00:00\" \/>\n<meta name=\"author\" content=\"apuglisi\" \/>\n<meta name=\"twitter:label1\" content=\"Scritto da\" \/>\n\t<meta name=\"twitter:data1\" content=\"apuglisi\" \/>\n\t<meta name=\"twitter:label2\" content=\"Tempo di lettura stimato\" \/>\n\t<meta name=\"twitter:data2\" content=\"2 minuti\" \/>\n<script type=\"application\/ld+json\" class=\"yoast-schema-graph\">{\"@context\":\"https:\/\/schema.org\",\"@graph\":[{\"@type\":\"WebPage\",\"@id\":\"\/web\/2026\/04\/02\/pompeo-tutela-dellarchivio-storico-de-la-stampa-la-regione-intervenga-subito\/\",\"url\":\"\/web\/2026\/04\/02\/pompeo-tutela-dellarchivio-storico-de-la-stampa-la-regione-intervenga-subito\/\",\"name\":\"POMPEO: \u201cTutela dell\u2019Archivio Storico de \u201cLa Stampa\u201d: la Regione intervenga subito\u201d - Partito Democratico\",\"isPartOf\":{\"@id\":\"\/web\/#website\"},\"datePublished\":\"2026-04-02T09:40:54+00:00\",\"dateModified\":\"2026-04-02T09:40:56+00:00\",\"author\":{\"@id\":\"\/web\/#\/schema\/person\/0c13e972954f051ef0b6604dcdcd093a\"},\"breadcrumb\":{\"@id\":\"\/web\/2026\/04\/02\/pompeo-tutela-dellarchivio-storico-de-la-stampa-la-regione-intervenga-subito\/#breadcrumb\"},\"inLanguage\":\"it-IT\",\"potentialAction\":[{\"@type\":\"ReadAction\",\"target\":[\"\/web\/2026\/04\/02\/pompeo-tutela-dellarchivio-storico-de-la-stampa-la-regione-intervenga-subito\/\"]}]},{\"@type\":\"BreadcrumbList\",\"@id\":\"\/web\/2026\/04\/02\/pompeo-tutela-dellarchivio-storico-de-la-stampa-la-regione-intervenga-subito\/#breadcrumb\",\"itemListElement\":[{\"@type\":\"ListItem\",\"position\":1,\"name\":\"Home\",\"item\":\"\/web\/\"},{\"@type\":\"ListItem\",\"position\":2,\"name\":\"POMPEO: \u201cTutela dell\u2019Archivio Storico de \u201cLa Stampa\u201d: la Regione intervenga subito\u201d\"}]},{\"@type\":\"WebSite\",\"@id\":\"\/web\/#website\",\"url\":\"\/web\/\",\"name\":\"Partito Democratico\",\"description\":\"\",\"potentialAction\":[{\"@type\":\"SearchAction\",\"target\":{\"@type\":\"EntryPoint\",\"urlTemplate\":\"\/web\/?s={search_term_string}\"},\"query-input\":\"required name=search_term_string\"}],\"inLanguage\":\"it-IT\"},{\"@type\":\"Person\",\"@id\":\"\/web\/#\/schema\/person\/0c13e972954f051ef0b6604dcdcd093a\",\"name\":\"apuglisi\",\"image\":{\"@type\":\"ImageObject\",\"inLanguage\":\"it-IT\",\"@id\":\"\/web\/#\/schema\/person\/image\/\",\"url\":\"http:\/\/2.gravatar.com\/avatar\/8f77005929681ecacb724a762adbc06b?s=96&d=mm&r=g\",\"contentUrl\":\"http:\/\/2.gravatar.com\/avatar\/8f77005929681ecacb724a762adbc06b?s=96&d=mm&r=g\",\"caption\":\"apuglisi\"},\"url\":\"\/web\/author\/apuglisi\/\"}]}<\/script>\n<!-- \/ Yoast SEO plugin. -->","yoast_head_json":{"title":"POMPEO: \u201cTutela dell\u2019Archivio Storico de \u201cLa Stampa\u201d: la Regione intervenga subito\u201d - Partito Democratico","robots":{"index":"index","follow":"follow","max-snippet":"max-snippet:-1","max-image-preview":"max-image-preview:large","max-video-preview":"max-video-preview:-1"},"canonical":"\/web\/2026\/04\/02\/pompeo-tutela-dellarchivio-storico-de-la-stampa-la-regione-intervenga-subito\/","og_locale":"it_IT","og_type":"article","og_title":"POMPEO: \u201cTutela dell\u2019Archivio Storico de \u201cLa Stampa\u201d: la Regione intervenga subito\u201d - Partito Democratico","og_description":"2 aprile 2026&nbsp;&#8211; \u201cHo presentato un\u2019interrogazione in Consiglio regionale per fare chiarezza e avere maggiori dettagli sul passaggio di propriet\u00e0 della testata&nbsp;La Stampa&nbsp;e del suo Archivio Storico dal Gruppo GEDI al Gruppo SAE. L\u2019Archivio rappresenta una memoria storica che non pu\u00f2 essere messa a rischio ed \u00e8 sottoposto a tutela dal 2003. Il&nbsp;Codice dei Beni [&hellip;]","og_url":"\/web\/2026\/04\/02\/pompeo-tutela-dellarchivio-storico-de-la-stampa-la-regione-intervenga-subito\/","og_site_name":"Partito Democratico","article_published_time":"2026-04-02T09:40:54+00:00","article_modified_time":"2026-04-02T09:40:56+00:00","author":"apuglisi","twitter_misc":{"Scritto da":"apuglisi","Tempo di lettura stimato":"2 minuti"},"schema":{"@context":"https:\/\/schema.org","@graph":[{"@type":"WebPage","@id":"\/web\/2026\/04\/02\/pompeo-tutela-dellarchivio-storico-de-la-stampa-la-regione-intervenga-subito\/","url":"\/web\/2026\/04\/02\/pompeo-tutela-dellarchivio-storico-de-la-stampa-la-regione-intervenga-subito\/","name":"POMPEO: \u201cTutela dell\u2019Archivio Storico de \u201cLa Stampa\u201d: la Regione intervenga subito\u201d - Partito Democratico","isPartOf":{"@id":"\/web\/#website"},"datePublished":"2026-04-02T09:40:54+00:00","dateModified":"2026-04-02T09:40:56+00:00","author":{"@id":"\/web\/#\/schema\/person\/0c13e972954f051ef0b6604dcdcd093a"},"breadcrumb":{"@id":"\/web\/2026\/04\/02\/pompeo-tutela-dellarchivio-storico-de-la-stampa-la-regione-intervenga-subito\/#breadcrumb"},"inLanguage":"it-IT","potentialAction":[{"@type":"ReadAction","target":["\/web\/2026\/04\/02\/pompeo-tutela-dellarchivio-storico-de-la-stampa-la-regione-intervenga-subito\/"]}]},{"@type":"BreadcrumbList","@id":"\/web\/2026\/04\/02\/pompeo-tutela-dellarchivio-storico-de-la-stampa-la-regione-intervenga-subito\/#breadcrumb","itemListElement":[{"@type":"ListItem","position":1,"name":"Home","item":"\/web\/"},{"@type":"ListItem","position":2,"name":"POMPEO: \u201cTutela dell\u2019Archivio Storico de \u201cLa Stampa\u201d: la Regione intervenga subito\u201d"}]},{"@type":"WebSite","@id":"\/web\/#website","url":"\/web\/","name":"Partito Democratico","description":"","potentialAction":[{"@type":"SearchAction","target":{"@type":"EntryPoint","urlTemplate":"\/web\/?s={search_term_string}"},"query-input":"required name=search_term_string"}],"inLanguage":"it-IT"},{"@type":"Person","@id":"\/web\/#\/schema\/person\/0c13e972954f051ef0b6604dcdcd093a","name":"apuglisi","image":{"@type":"ImageObject","inLanguage":"it-IT","@id":"\/web\/#\/schema\/person\/image\/","url":"http:\/\/2.gravatar.com\/avatar\/8f77005929681ecacb724a762adbc06b?s=96&d=mm&r=g","contentUrl":"http:\/\/2.gravatar.com\/avatar\/8f77005929681ecacb724a762adbc06b?s=96&d=mm&r=g","caption":"apuglisi"},"url":"\/web\/author\/apuglisi\/"}]}},"_links":{"self":[{"href":"\/web\/wp-json\/wp\/v2\/posts\/3799"}],"collection":[{"href":"\/web\/wp-json\/wp\/v2\/posts"}],"about":[{"href":"\/web\/wp-json\/wp\/v2\/types\/post"}],"author":[{"embeddable":true,"href":"\/web\/wp-json\/wp\/v2\/users\/100"}],"replies":[{"embeddable":true,"href":"\/web\/wp-json\/wp\/v2\/comments?post=3799"}],"version-history":[{"count":1,"href":"\/web\/wp-json\/wp\/v2\/posts\/3799\/revisions"}],"predecessor-version":[{"id":3800,"href":"\/web\/wp-json\/wp\/v2\/posts\/3799\/revisions\/3800"}],"wp:attachment":[{"href":"\/web\/wp-json\/wp\/v2\/media?parent=3799"}],"wp:term":[{"taxonomy":"category","embeddable":true,"href":"\/web\/wp-json\/wp\/v2\/categories?post=3799"},{"taxonomy":"post_tag","embeddable":true,"href":"\/web\/wp-json\/wp\/v2\/tags?post=3799"}],"curies":[{"name":"wp","href":"https:\/\/api.w.org\/{rel}","templated":true}]}}