{"id":3793,"date":"2026-04-02T08:46:03","date_gmt":"2026-04-02T06:46:03","guid":{"rendered":"\/web\/?p=3793"},"modified":"2026-04-02T08:46:05","modified_gmt":"2026-04-02T06:46:05","slug":"ferrovie-canalis-la-petizione-dei-pendolari-denuncia-gravi-disagi","status":"publish","type":"post","link":"\/web\/2026\/04\/02\/ferrovie-canalis-la-petizione-dei-pendolari-denuncia-gravi-disagi\/","title":{"rendered":"FERROVIE. CANALIS: LA PETIZIONE DEI PENDOLARI DENUNCIA GRAVI DISAGI."},"content":{"rendered":"\n<p><strong><em>Nei sette anni di Giunta Cirio il servizio \u00e8 nettamente peggiorato.<\/em><\/strong><\/p>\n\n\n\n<p>1.4.2026 &#8211; L\u2019odierna audizione del primo firmatario della petizione popolare per migliorare le ferrovie regionali, con 7.200 firme ha fatto emergere in tutta la sua drammaticit\u00e0 il disagio vissuto da chi utilizza il treno per spostarsi.<\/p>\n\n\n\n<p>I problemi delle infrastrutture, dei convogli, delle stazioni, degli orari e della scarsa capillarit\u00e0 del servizio, in questi anni si sono acuiti, ingrandendo la faglia tra aree urbanizzate ed aree interne, tra cittadini automuniti ed utenti del Trasporto Pubblico Locale, tra persone fragili e con disabilit\u00e0 ed il resto della popolazione.<\/p>\n\n\n\n<p>Il COMIS (coordinamento mobilit\u00e0 integrata e sostenibile) con questa petizione richiama la Giunta ed il Consiglio regionale alla loro responsabilit\u00e0 non pi\u00f9 procrastinabili.<\/p>\n\n\n\n<p>La destra non pu\u00f2 pi\u00f9 nascondersi dietro ai cantieri PNRR per giustificare i ritardi sulla manutenzione delle linee ferroviarie, sull\u2019agibilit\u00e0 delle stazioni, il sovraffollamento dei convogli, la mancata soppressione dei passaggi a livello, la quasi totale assenza di intermodalit\u00e0 con il trasporto su gomma e con le piste ciclabili, la carenza dei raddoppi selettivi dei binari, la scarsit\u00e0 di informazione all\u2019utenza e la poca sicurezza per passeggeri e personale.<\/p>\n\n\n\n<p>Cirio e Gabusi diano un segnale: occorre innanzitutto ripristinare il numero di corse pre Covid e avviare finalmente un piano di sviluppo pluriennale dei trasporti ferroviari.<\/p>\n\n\n\n<p>Gli utenti meritano pi\u00f9 rispetto.<\/p>\n\n\n\n<p><strong>Monica CANALIS &#8211; consigliera regionale Pd<\/strong><\/p>\n","protected":false},"excerpt":{"rendered":"<p>Nei sette anni di Giunta Cirio il servizio \u00e8 nettamente peggiorato. 1.4.2026 &#8211; L\u2019odierna audizione del primo firmatario della petizione popolare per migliorare le ferrovie regionali, con 7.200 firme ha fatto emergere in tutta la sua drammaticit\u00e0 il disagio vissuto da chi utilizza il treno per spostarsi. I problemi delle infrastrutture, dei convogli, delle stazioni, [&hellip;]<\/p>\n","protected":false},"author":100,"featured_media":0,"comment_status":"closed","ping_status":"closed","sticky":false,"template":"","format":"standard","meta":[],"categories":[4,60],"tags":[76],"yoast_head":"<!-- This site is optimized with the Yoast SEO plugin v19.12 - https:\/\/yoast.com\/wordpress\/plugins\/seo\/ -->\n<title>FERROVIE. CANALIS: LA PETIZIONE DEI PENDOLARI DENUNCIA GRAVI DISAGI. - Partito Democratico<\/title>\n<meta name=\"robots\" content=\"index, follow, max-snippet:-1, max-image-preview:large, max-video-preview:-1\" \/>\n<link rel=\"canonical\" href=\"\/web\/2026\/04\/02\/ferrovie-canalis-la-petizione-dei-pendolari-denuncia-gravi-disagi\/\" \/>\n<meta property=\"og:locale\" content=\"it_IT\" \/>\n<meta property=\"og:type\" content=\"article\" \/>\n<meta property=\"og:title\" content=\"FERROVIE. CANALIS: LA PETIZIONE DEI PENDOLARI DENUNCIA GRAVI DISAGI. - Partito Democratico\" \/>\n<meta property=\"og:description\" content=\"Nei sette anni di Giunta Cirio il servizio \u00e8 nettamente peggiorato. 1.4.2026 &#8211; L\u2019odierna audizione del primo firmatario della petizione popolare per migliorare le ferrovie regionali, con 7.200 firme ha fatto emergere in tutta la sua drammaticit\u00e0 il disagio vissuto da chi utilizza il treno per spostarsi. I problemi delle infrastrutture, dei convogli, delle stazioni, [&hellip;]\" \/>\n<meta property=\"og:url\" content=\"\/web\/2026\/04\/02\/ferrovie-canalis-la-petizione-dei-pendolari-denuncia-gravi-disagi\/\" \/>\n<meta property=\"og:site_name\" content=\"Partito Democratico\" \/>\n<meta property=\"article:published_time\" content=\"2026-04-02T06:46:03+00:00\" \/>\n<meta property=\"article:modified_time\" content=\"2026-04-02T06:46:05+00:00\" \/>\n<meta name=\"author\" content=\"apuglisi\" \/>\n<meta name=\"twitter:label1\" content=\"Scritto da\" \/>\n\t<meta name=\"twitter:data1\" content=\"apuglisi\" \/>\n\t<meta name=\"twitter:label2\" content=\"Tempo di lettura stimato\" \/>\n\t<meta name=\"twitter:data2\" content=\"1 minuto\" \/>\n<script type=\"application\/ld+json\" class=\"yoast-schema-graph\">{\"@context\":\"https:\/\/schema.org\",\"@graph\":[{\"@type\":\"WebPage\",\"@id\":\"\/web\/2026\/04\/02\/ferrovie-canalis-la-petizione-dei-pendolari-denuncia-gravi-disagi\/\",\"url\":\"\/web\/2026\/04\/02\/ferrovie-canalis-la-petizione-dei-pendolari-denuncia-gravi-disagi\/\",\"name\":\"FERROVIE. CANALIS: LA PETIZIONE DEI PENDOLARI DENUNCIA GRAVI DISAGI. - Partito Democratico\",\"isPartOf\":{\"@id\":\"\/web\/#website\"},\"datePublished\":\"2026-04-02T06:46:03+00:00\",\"dateModified\":\"2026-04-02T06:46:05+00:00\",\"author\":{\"@id\":\"\/web\/#\/schema\/person\/0c13e972954f051ef0b6604dcdcd093a\"},\"breadcrumb\":{\"@id\":\"\/web\/2026\/04\/02\/ferrovie-canalis-la-petizione-dei-pendolari-denuncia-gravi-disagi\/#breadcrumb\"},\"inLanguage\":\"it-IT\",\"potentialAction\":[{\"@type\":\"ReadAction\",\"target\":[\"\/web\/2026\/04\/02\/ferrovie-canalis-la-petizione-dei-pendolari-denuncia-gravi-disagi\/\"]}]},{\"@type\":\"BreadcrumbList\",\"@id\":\"\/web\/2026\/04\/02\/ferrovie-canalis-la-petizione-dei-pendolari-denuncia-gravi-disagi\/#breadcrumb\",\"itemListElement\":[{\"@type\":\"ListItem\",\"position\":1,\"name\":\"Home\",\"item\":\"\/web\/\"},{\"@type\":\"ListItem\",\"position\":2,\"name\":\"FERROVIE. CANALIS: LA PETIZIONE DEI PENDOLARI DENUNCIA GRAVI DISAGI.\"}]},{\"@type\":\"WebSite\",\"@id\":\"\/web\/#website\",\"url\":\"\/web\/\",\"name\":\"Partito Democratico\",\"description\":\"\",\"potentialAction\":[{\"@type\":\"SearchAction\",\"target\":{\"@type\":\"EntryPoint\",\"urlTemplate\":\"\/web\/?s={search_term_string}\"},\"query-input\":\"required name=search_term_string\"}],\"inLanguage\":\"it-IT\"},{\"@type\":\"Person\",\"@id\":\"\/web\/#\/schema\/person\/0c13e972954f051ef0b6604dcdcd093a\",\"name\":\"apuglisi\",\"image\":{\"@type\":\"ImageObject\",\"inLanguage\":\"it-IT\",\"@id\":\"\/web\/#\/schema\/person\/image\/\",\"url\":\"http:\/\/2.gravatar.com\/avatar\/8f77005929681ecacb724a762adbc06b?s=96&d=mm&r=g\",\"contentUrl\":\"http:\/\/2.gravatar.com\/avatar\/8f77005929681ecacb724a762adbc06b?s=96&d=mm&r=g\",\"caption\":\"apuglisi\"},\"url\":\"\/web\/author\/apuglisi\/\"}]}<\/script>\n<!-- \/ Yoast SEO plugin. -->","yoast_head_json":{"title":"FERROVIE. CANALIS: LA PETIZIONE DEI PENDOLARI DENUNCIA GRAVI DISAGI. - Partito Democratico","robots":{"index":"index","follow":"follow","max-snippet":"max-snippet:-1","max-image-preview":"max-image-preview:large","max-video-preview":"max-video-preview:-1"},"canonical":"\/web\/2026\/04\/02\/ferrovie-canalis-la-petizione-dei-pendolari-denuncia-gravi-disagi\/","og_locale":"it_IT","og_type":"article","og_title":"FERROVIE. CANALIS: LA PETIZIONE DEI PENDOLARI DENUNCIA GRAVI DISAGI. - Partito Democratico","og_description":"Nei sette anni di Giunta Cirio il servizio \u00e8 nettamente peggiorato. 1.4.2026 &#8211; L\u2019odierna audizione del primo firmatario della petizione popolare per migliorare le ferrovie regionali, con 7.200 firme ha fatto emergere in tutta la sua drammaticit\u00e0 il disagio vissuto da chi utilizza il treno per spostarsi. I problemi delle infrastrutture, dei convogli, delle stazioni, [&hellip;]","og_url":"\/web\/2026\/04\/02\/ferrovie-canalis-la-petizione-dei-pendolari-denuncia-gravi-disagi\/","og_site_name":"Partito Democratico","article_published_time":"2026-04-02T06:46:03+00:00","article_modified_time":"2026-04-02T06:46:05+00:00","author":"apuglisi","twitter_misc":{"Scritto da":"apuglisi","Tempo di lettura stimato":"1 minuto"},"schema":{"@context":"https:\/\/schema.org","@graph":[{"@type":"WebPage","@id":"\/web\/2026\/04\/02\/ferrovie-canalis-la-petizione-dei-pendolari-denuncia-gravi-disagi\/","url":"\/web\/2026\/04\/02\/ferrovie-canalis-la-petizione-dei-pendolari-denuncia-gravi-disagi\/","name":"FERROVIE. CANALIS: LA PETIZIONE DEI PENDOLARI DENUNCIA GRAVI DISAGI. - Partito Democratico","isPartOf":{"@id":"\/web\/#website"},"datePublished":"2026-04-02T06:46:03+00:00","dateModified":"2026-04-02T06:46:05+00:00","author":{"@id":"\/web\/#\/schema\/person\/0c13e972954f051ef0b6604dcdcd093a"},"breadcrumb":{"@id":"\/web\/2026\/04\/02\/ferrovie-canalis-la-petizione-dei-pendolari-denuncia-gravi-disagi\/#breadcrumb"},"inLanguage":"it-IT","potentialAction":[{"@type":"ReadAction","target":["\/web\/2026\/04\/02\/ferrovie-canalis-la-petizione-dei-pendolari-denuncia-gravi-disagi\/"]}]},{"@type":"BreadcrumbList","@id":"\/web\/2026\/04\/02\/ferrovie-canalis-la-petizione-dei-pendolari-denuncia-gravi-disagi\/#breadcrumb","itemListElement":[{"@type":"ListItem","position":1,"name":"Home","item":"\/web\/"},{"@type":"ListItem","position":2,"name":"FERROVIE. CANALIS: LA PETIZIONE DEI PENDOLARI DENUNCIA GRAVI DISAGI."}]},{"@type":"WebSite","@id":"\/web\/#website","url":"\/web\/","name":"Partito Democratico","description":"","potentialAction":[{"@type":"SearchAction","target":{"@type":"EntryPoint","urlTemplate":"\/web\/?s={search_term_string}"},"query-input":"required name=search_term_string"}],"inLanguage":"it-IT"},{"@type":"Person","@id":"\/web\/#\/schema\/person\/0c13e972954f051ef0b6604dcdcd093a","name":"apuglisi","image":{"@type":"ImageObject","inLanguage":"it-IT","@id":"\/web\/#\/schema\/person\/image\/","url":"http:\/\/2.gravatar.com\/avatar\/8f77005929681ecacb724a762adbc06b?s=96&d=mm&r=g","contentUrl":"http:\/\/2.gravatar.com\/avatar\/8f77005929681ecacb724a762adbc06b?s=96&d=mm&r=g","caption":"apuglisi"},"url":"\/web\/author\/apuglisi\/"}]}},"_links":{"self":[{"href":"\/web\/wp-json\/wp\/v2\/posts\/3793"}],"collection":[{"href":"\/web\/wp-json\/wp\/v2\/posts"}],"about":[{"href":"\/web\/wp-json\/wp\/v2\/types\/post"}],"author":[{"embeddable":true,"href":"\/web\/wp-json\/wp\/v2\/users\/100"}],"replies":[{"embeddable":true,"href":"\/web\/wp-json\/wp\/v2\/comments?post=3793"}],"version-history":[{"count":1,"href":"\/web\/wp-json\/wp\/v2\/posts\/3793\/revisions"}],"predecessor-version":[{"id":3794,"href":"\/web\/wp-json\/wp\/v2\/posts\/3793\/revisions\/3794"}],"wp:attachment":[{"href":"\/web\/wp-json\/wp\/v2\/media?parent=3793"}],"wp:term":[{"taxonomy":"category","embeddable":true,"href":"\/web\/wp-json\/wp\/v2\/categories?post=3793"},{"taxonomy":"post_tag","embeddable":true,"href":"\/web\/wp-json\/wp\/v2\/tags?post=3793"}],"curies":[{"name":"wp","href":"https:\/\/api.w.org\/{rel}","templated":true}]}}