{"id":3773,"date":"2026-03-28T18:00:00","date_gmt":"2026-03-28T17:00:00","guid":{"rendered":"\/web\/?p=3773"},"modified":"2026-03-30T09:09:46","modified_gmt":"2026-03-30T07:09:46","slug":"disservizi-trasporti-in-valle-susa-conticellia-breve-si-insediera-la-commissione-di-monitoraggio-regionale-la-mobilita-e-parte-del-diritto-allo-studio","status":"publish","type":"post","link":"\/web\/2026\/03\/28\/disservizi-trasporti-in-valle-susa-conticellia-breve-si-insediera-la-commissione-di-monitoraggio-regionale-la-mobilita-e-parte-del-diritto-allo-studio\/","title":{"rendered":"DISSERVIZI TRASPORTI IN VALLE SUSA. CONTICELLI:&#8221;A BREVE SI INSEDIER\u00c0 LA COMMISSIONE DI MONITORAGGIO REGIONALE. LA MOBILIT\u00c0 \u00c8 PARTE DEL DIRITTO ALLO STUDIO&#8221;."},"content":{"rendered":"\n<p>&#8220;Ho partecipato all\u2019 iniziativa dell\u2019istituto Des Ambrois di Oulx , proprio nella notte dei licei classici per segnare il diritto alla mobilit\u00e0 , che \u00e8 una colonna portante del diritto allo studio.<br>Una sorta di class action, tra scuola, enti locali, dai sindaci alle comunit\u00e0 montane all\u2019Uncem, per denunciare i forti disagi rispetto al trasporto ferroviario : ritardi, cancellazioni, guasti sulla linea, continui fermi per manutenzioni, bus sostitutivi insufficienti; in pi\u00f9 carenza nell\u2019informazione puntuale rispetto ai ritardi e cancellazioni. Il diritto alla mobilit\u00e0 \u00e8 anche diritto alla qualit\u00e0 del servizio rispetto alla pulizia dei treni e soprattutto accessibilit\u00e0 e sicurezza delle stazioni, che impattano fortemente sulla qualit\u00e0 della vita quotidiana di chi abita nella valle.<\/p>\n\n\n\n<p>&#8221; A breve si insedier\u00e0 la commissione regionale di monitoraggio che proceder\u00e0 a verificare lo stato del servizio attraverso una serie di audizioni e l\u2019analisi della relativa documentazione, compresi gli standard del contratto di servizio con Trenitalia e RFI .<\/p>\n\n\n\n<p>&#8220;Il diritto allo studio dipende anche dalle politiche tariffarie . La scuola superiore \u00e8 ancora scuola dell\u2019obbligo e le 60.000 famiglie aventi diritto, rimaste escluse lo scorso anno dal voucher scuola, ci dicono che \u00e8 necessario rivedere i costi degli abbonamenti degli studenti, garantendo anche l\u2019intermodalit\u00e0 attraverso il biglietto integrato.<\/p>\n\n\n\n<p>&#8220;La Val di Susa \u00e8 strategica nell\u2019area metropolitana dal punto di vista turistico, sportivo e delle comunicazioni internazionali. Ma l o stato dei trasporti riguarda anche la quotidianit\u00e0 di tanti studenti, lavoratori o semplici cittadini . Servizi di eccellenza come il Des Ambrois rappresentano concretamente cosa intendiamo quando parliamo di policentrismo dell\u2019area metropolitana&#8221;.<\/p>\n\n\n\n<p>Lo dichiara Nadia Conticelli, consigliera regionale PD e vicepresidente II Commisisone trasporti<\/p>\n","protected":false},"excerpt":{"rendered":"<p>&#8220;Ho partecipato all\u2019 iniziativa dell\u2019istituto Des Ambrois di Oulx , proprio nella notte dei licei classici per segnare il diritto alla mobilit\u00e0 , che \u00e8 una colonna portante del diritto allo studio.Una sorta di class action, tra scuola, enti locali, dai sindaci alle comunit\u00e0 montane all\u2019Uncem, per denunciare i forti disagi rispetto al trasporto ferroviario [&hellip;]<\/p>\n","protected":false},"author":100,"featured_media":0,"comment_status":"closed","ping_status":"closed","sticky":false,"template":"","format":"standard","meta":[],"categories":[4,60],"tags":[44],"yoast_head":"<!-- This site is optimized with the Yoast SEO plugin v19.12 - https:\/\/yoast.com\/wordpress\/plugins\/seo\/ -->\n<title>DISSERVIZI TRASPORTI IN VALLE SUSA. CONTICELLI:&quot;A BREVE SI INSEDIER\u00c0 LA COMMISSIONE DI MONITORAGGIO REGIONALE. LA MOBILIT\u00c0 \u00c8 PARTE DEL DIRITTO ALLO STUDIO&quot;. - Partito Democratico<\/title>\n<meta name=\"robots\" content=\"index, follow, max-snippet:-1, max-image-preview:large, max-video-preview:-1\" \/>\n<link rel=\"canonical\" href=\"\/web\/2026\/03\/28\/disservizi-trasporti-in-valle-susa-conticellia-breve-si-insediera-la-commissione-di-monitoraggio-regionale-la-mobilita-e-parte-del-diritto-allo-studio\/\" \/>\n<meta property=\"og:locale\" content=\"it_IT\" \/>\n<meta property=\"og:type\" content=\"article\" \/>\n<meta property=\"og:title\" content=\"DISSERVIZI TRASPORTI IN VALLE SUSA. CONTICELLI:&quot;A BREVE SI INSEDIER\u00c0 LA COMMISSIONE DI MONITORAGGIO REGIONALE. LA MOBILIT\u00c0 \u00c8 PARTE DEL DIRITTO ALLO STUDIO&quot;. - Partito Democratico\" \/>\n<meta property=\"og:description\" content=\"&#8220;Ho partecipato all\u2019 iniziativa dell\u2019istituto Des Ambrois di Oulx , proprio nella notte dei licei classici per segnare il diritto alla mobilit\u00e0 , che \u00e8 una colonna portante del diritto allo studio.Una sorta di class action, tra scuola, enti locali, dai sindaci alle comunit\u00e0 montane all\u2019Uncem, per denunciare i forti disagi rispetto al trasporto ferroviario [&hellip;]\" \/>\n<meta property=\"og:url\" content=\"\/web\/2026\/03\/28\/disservizi-trasporti-in-valle-susa-conticellia-breve-si-insediera-la-commissione-di-monitoraggio-regionale-la-mobilita-e-parte-del-diritto-allo-studio\/\" \/>\n<meta property=\"og:site_name\" content=\"Partito Democratico\" \/>\n<meta property=\"article:published_time\" content=\"2026-03-28T17:00:00+00:00\" \/>\n<meta property=\"article:modified_time\" content=\"2026-03-30T07:09:46+00:00\" \/>\n<meta name=\"author\" content=\"apuglisi\" \/>\n<meta name=\"twitter:label1\" content=\"Scritto da\" \/>\n\t<meta name=\"twitter:data1\" content=\"apuglisi\" \/>\n\t<meta name=\"twitter:label2\" content=\"Tempo di lettura stimato\" \/>\n\t<meta name=\"twitter:data2\" content=\"1 minuto\" \/>\n<script type=\"application\/ld+json\" class=\"yoast-schema-graph\">{\"@context\":\"https:\/\/schema.org\",\"@graph\":[{\"@type\":\"WebPage\",\"@id\":\"\/web\/2026\/03\/28\/disservizi-trasporti-in-valle-susa-conticellia-breve-si-insediera-la-commissione-di-monitoraggio-regionale-la-mobilita-e-parte-del-diritto-allo-studio\/\",\"url\":\"\/web\/2026\/03\/28\/disservizi-trasporti-in-valle-susa-conticellia-breve-si-insediera-la-commissione-di-monitoraggio-regionale-la-mobilita-e-parte-del-diritto-allo-studio\/\",\"name\":\"DISSERVIZI TRASPORTI IN VALLE SUSA. CONTICELLI:\\\"A BREVE SI INSEDIER\u00c0 LA COMMISSIONE DI MONITORAGGIO REGIONALE. LA MOBILIT\u00c0 \u00c8 PARTE DEL DIRITTO ALLO STUDIO\\\". - Partito Democratico\",\"isPartOf\":{\"@id\":\"\/web\/#website\"},\"datePublished\":\"2026-03-28T17:00:00+00:00\",\"dateModified\":\"2026-03-30T07:09:46+00:00\",\"author\":{\"@id\":\"\/web\/#\/schema\/person\/0c13e972954f051ef0b6604dcdcd093a\"},\"breadcrumb\":{\"@id\":\"\/web\/2026\/03\/28\/disservizi-trasporti-in-valle-susa-conticellia-breve-si-insediera-la-commissione-di-monitoraggio-regionale-la-mobilita-e-parte-del-diritto-allo-studio\/#breadcrumb\"},\"inLanguage\":\"it-IT\",\"potentialAction\":[{\"@type\":\"ReadAction\",\"target\":[\"\/web\/2026\/03\/28\/disservizi-trasporti-in-valle-susa-conticellia-breve-si-insediera-la-commissione-di-monitoraggio-regionale-la-mobilita-e-parte-del-diritto-allo-studio\/\"]}]},{\"@type\":\"BreadcrumbList\",\"@id\":\"\/web\/2026\/03\/28\/disservizi-trasporti-in-valle-susa-conticellia-breve-si-insediera-la-commissione-di-monitoraggio-regionale-la-mobilita-e-parte-del-diritto-allo-studio\/#breadcrumb\",\"itemListElement\":[{\"@type\":\"ListItem\",\"position\":1,\"name\":\"Home\",\"item\":\"\/web\/\"},{\"@type\":\"ListItem\",\"position\":2,\"name\":\"DISSERVIZI TRASPORTI IN VALLE SUSA. CONTICELLI:&#8221;A BREVE SI INSEDIER\u00c0 LA COMMISSIONE DI MONITORAGGIO REGIONALE. LA MOBILIT\u00c0 \u00c8 PARTE DEL DIRITTO ALLO STUDIO&#8221;.\"}]},{\"@type\":\"WebSite\",\"@id\":\"\/web\/#website\",\"url\":\"\/web\/\",\"name\":\"Partito Democratico\",\"description\":\"\",\"potentialAction\":[{\"@type\":\"SearchAction\",\"target\":{\"@type\":\"EntryPoint\",\"urlTemplate\":\"\/web\/?s={search_term_string}\"},\"query-input\":\"required name=search_term_string\"}],\"inLanguage\":\"it-IT\"},{\"@type\":\"Person\",\"@id\":\"\/web\/#\/schema\/person\/0c13e972954f051ef0b6604dcdcd093a\",\"name\":\"apuglisi\",\"image\":{\"@type\":\"ImageObject\",\"inLanguage\":\"it-IT\",\"@id\":\"\/web\/#\/schema\/person\/image\/\",\"url\":\"http:\/\/2.gravatar.com\/avatar\/8f77005929681ecacb724a762adbc06b?s=96&d=mm&r=g\",\"contentUrl\":\"http:\/\/2.gravatar.com\/avatar\/8f77005929681ecacb724a762adbc06b?s=96&d=mm&r=g\",\"caption\":\"apuglisi\"},\"url\":\"\/web\/author\/apuglisi\/\"}]}<\/script>\n<!-- \/ Yoast SEO plugin. -->","yoast_head_json":{"title":"DISSERVIZI TRASPORTI IN VALLE SUSA. CONTICELLI:\"A BREVE SI INSEDIER\u00c0 LA COMMISSIONE DI MONITORAGGIO REGIONALE. LA MOBILIT\u00c0 \u00c8 PARTE DEL DIRITTO ALLO STUDIO\". - Partito Democratico","robots":{"index":"index","follow":"follow","max-snippet":"max-snippet:-1","max-image-preview":"max-image-preview:large","max-video-preview":"max-video-preview:-1"},"canonical":"\/web\/2026\/03\/28\/disservizi-trasporti-in-valle-susa-conticellia-breve-si-insediera-la-commissione-di-monitoraggio-regionale-la-mobilita-e-parte-del-diritto-allo-studio\/","og_locale":"it_IT","og_type":"article","og_title":"DISSERVIZI TRASPORTI IN VALLE SUSA. CONTICELLI:\"A BREVE SI INSEDIER\u00c0 LA COMMISSIONE DI MONITORAGGIO REGIONALE. LA MOBILIT\u00c0 \u00c8 PARTE DEL DIRITTO ALLO STUDIO\". - Partito Democratico","og_description":"&#8220;Ho partecipato all\u2019 iniziativa dell\u2019istituto Des Ambrois di Oulx , proprio nella notte dei licei classici per segnare il diritto alla mobilit\u00e0 , che \u00e8 una colonna portante del diritto allo studio.Una sorta di class action, tra scuola, enti locali, dai sindaci alle comunit\u00e0 montane all\u2019Uncem, per denunciare i forti disagi rispetto al trasporto ferroviario [&hellip;]","og_url":"\/web\/2026\/03\/28\/disservizi-trasporti-in-valle-susa-conticellia-breve-si-insediera-la-commissione-di-monitoraggio-regionale-la-mobilita-e-parte-del-diritto-allo-studio\/","og_site_name":"Partito Democratico","article_published_time":"2026-03-28T17:00:00+00:00","article_modified_time":"2026-03-30T07:09:46+00:00","author":"apuglisi","twitter_misc":{"Scritto da":"apuglisi","Tempo di lettura stimato":"1 minuto"},"schema":{"@context":"https:\/\/schema.org","@graph":[{"@type":"WebPage","@id":"\/web\/2026\/03\/28\/disservizi-trasporti-in-valle-susa-conticellia-breve-si-insediera-la-commissione-di-monitoraggio-regionale-la-mobilita-e-parte-del-diritto-allo-studio\/","url":"\/web\/2026\/03\/28\/disservizi-trasporti-in-valle-susa-conticellia-breve-si-insediera-la-commissione-di-monitoraggio-regionale-la-mobilita-e-parte-del-diritto-allo-studio\/","name":"DISSERVIZI TRASPORTI IN VALLE SUSA. CONTICELLI:\"A BREVE SI INSEDIER\u00c0 LA COMMISSIONE DI MONITORAGGIO REGIONALE. LA MOBILIT\u00c0 \u00c8 PARTE DEL DIRITTO ALLO STUDIO\". - Partito Democratico","isPartOf":{"@id":"\/web\/#website"},"datePublished":"2026-03-28T17:00:00+00:00","dateModified":"2026-03-30T07:09:46+00:00","author":{"@id":"\/web\/#\/schema\/person\/0c13e972954f051ef0b6604dcdcd093a"},"breadcrumb":{"@id":"\/web\/2026\/03\/28\/disservizi-trasporti-in-valle-susa-conticellia-breve-si-insediera-la-commissione-di-monitoraggio-regionale-la-mobilita-e-parte-del-diritto-allo-studio\/#breadcrumb"},"inLanguage":"it-IT","potentialAction":[{"@type":"ReadAction","target":["\/web\/2026\/03\/28\/disservizi-trasporti-in-valle-susa-conticellia-breve-si-insediera-la-commissione-di-monitoraggio-regionale-la-mobilita-e-parte-del-diritto-allo-studio\/"]}]},{"@type":"BreadcrumbList","@id":"\/web\/2026\/03\/28\/disservizi-trasporti-in-valle-susa-conticellia-breve-si-insediera-la-commissione-di-monitoraggio-regionale-la-mobilita-e-parte-del-diritto-allo-studio\/#breadcrumb","itemListElement":[{"@type":"ListItem","position":1,"name":"Home","item":"\/web\/"},{"@type":"ListItem","position":2,"name":"DISSERVIZI TRASPORTI IN VALLE SUSA. CONTICELLI:&#8221;A BREVE SI INSEDIER\u00c0 LA COMMISSIONE DI MONITORAGGIO REGIONALE. LA MOBILIT\u00c0 \u00c8 PARTE DEL DIRITTO ALLO STUDIO&#8221;."}]},{"@type":"WebSite","@id":"\/web\/#website","url":"\/web\/","name":"Partito Democratico","description":"","potentialAction":[{"@type":"SearchAction","target":{"@type":"EntryPoint","urlTemplate":"\/web\/?s={search_term_string}"},"query-input":"required name=search_term_string"}],"inLanguage":"it-IT"},{"@type":"Person","@id":"\/web\/#\/schema\/person\/0c13e972954f051ef0b6604dcdcd093a","name":"apuglisi","image":{"@type":"ImageObject","inLanguage":"it-IT","@id":"\/web\/#\/schema\/person\/image\/","url":"http:\/\/2.gravatar.com\/avatar\/8f77005929681ecacb724a762adbc06b?s=96&d=mm&r=g","contentUrl":"http:\/\/2.gravatar.com\/avatar\/8f77005929681ecacb724a762adbc06b?s=96&d=mm&r=g","caption":"apuglisi"},"url":"\/web\/author\/apuglisi\/"}]}},"_links":{"self":[{"href":"\/web\/wp-json\/wp\/v2\/posts\/3773"}],"collection":[{"href":"\/web\/wp-json\/wp\/v2\/posts"}],"about":[{"href":"\/web\/wp-json\/wp\/v2\/types\/post"}],"author":[{"embeddable":true,"href":"\/web\/wp-json\/wp\/v2\/users\/100"}],"replies":[{"embeddable":true,"href":"\/web\/wp-json\/wp\/v2\/comments?post=3773"}],"version-history":[{"count":1,"href":"\/web\/wp-json\/wp\/v2\/posts\/3773\/revisions"}],"predecessor-version":[{"id":3774,"href":"\/web\/wp-json\/wp\/v2\/posts\/3773\/revisions\/3774"}],"wp:attachment":[{"href":"\/web\/wp-json\/wp\/v2\/media?parent=3773"}],"wp:term":[{"taxonomy":"category","embeddable":true,"href":"\/web\/wp-json\/wp\/v2\/categories?post=3773"},{"taxonomy":"post_tag","embeddable":true,"href":"\/web\/wp-json\/wp\/v2\/tags?post=3773"}],"curies":[{"name":"wp","href":"https:\/\/api.w.org\/{rel}","templated":true}]}}