{"id":3767,"date":"2026-03-30T08:58:55","date_gmt":"2026-03-30T06:58:55","guid":{"rendered":"\/web\/?p=3767"},"modified":"2026-03-30T08:58:57","modified_gmt":"2026-03-30T06:58:57","slug":"alessandria-detenuti-41-bis-al-san-michele-ravetti-si-ascoltino-i-vari-interessi-compreso-quello-della-polizia-penitenziaria-e-si-investa-sul-don-soria","status":"publish","type":"post","link":"\/web\/2026\/03\/30\/alessandria-detenuti-41-bis-al-san-michele-ravetti-si-ascoltino-i-vari-interessi-compreso-quello-della-polizia-penitenziaria-e-si-investa-sul-don-soria\/","title":{"rendered":"ALESSANDRIA. DETENUTI 41 BIS AL SAN MICHELE. RAVETTI: \u201cSI ASCOLTINO I VARI INTERESSI, COMPRESO QUELLO DELLA POLIZIA PENITENZIARIA. E SI INVESTA SUL DON SORIA\u201d"},"content":{"rendered":"\n<p><strong>Il vicepresidente del Consiglio regionale Domenico Ravetti solleva anche la questione dell\u2019assistenza sanitaria nelle due carceri e per i detenuti ricoverati in ospedale.<\/strong><\/p>\n\n\n\n<p>\u00abLa trasformazione del San Michele in un carcere per i detenuti al 41 bis \u00e8 una scelta complessa e delicata, che vede diversi interessi in campo, e che credo debba essere affrontata con la necessaria prudenza ed il necessario approfondimento. Giusto che il territorio esprima le proprie preoccupazioni, pur sapendo che \u00e8 una decisione che spetta allo Stato, in particolare attraverso il Dipartimento dell\u2019amministrazione Penitenziaria. Credo, per esempio, che si debba ascoltare il punto di vista degli agenti della Polizia Penitenziaria, che tutti i giorni svolgono un difficile ma fondamentale lavoro per la nostra sicurezza. Nessuno meglio di loro sa cosa significa convertire il San Michele in carcere per il 41 bis. Qualcuno ha chiesto loro se sono favorevoli o contrari a questa conversione? Qualcuno sa cosa (e se) esattamente cambia per loro? Al tempo stesso, occorre sollevare con pi\u00f9 forza la grande questione alessandrina che \u00e8 rappresentata dal carcere Don Soria? Gli interventi sullo stabile sono urgenti, perch\u00e9 le condizioni di vita dei detenuti e della stessa Polizia Penitenziaria sono inaccettabili. Occorrono investimenti in tal senso, e anche per ampliare le preziose attivit\u00e0 sociali svolte da cooperative e associazioni. Infine, occorre affrontare la questione della gestione della sanit\u00e0 all\u2019interno delle due strutture detentive e nell\u2019ospedale, che dovr\u00e0 organizzarsi diversamente per curare persone in regime di 41 bis. E su questo la Regione Piemonte ha senza dubbio qualcosa da dire. San Michele, Don Soria, assistenza sanitaria ai detenuti sono questioni tra di loro collegate, che meritano non un dibattito sul \u201c41bis s\u00ec o no?\u201d, ma un confronto tra istituzioni costruttivo, serrato e particolareggiato\u00bb.<\/p>\n\n\n\n<p><strong>Domenico RAVETTI<\/strong><\/p>\n\n\n\n<p>Vicepresidente Consiglio regionale del Piemonte<\/p>\n","protected":false},"excerpt":{"rendered":"<p>Il vicepresidente del Consiglio regionale Domenico Ravetti solleva anche la questione dell\u2019assistenza sanitaria nelle due carceri e per i detenuti ricoverati in ospedale. \u00abLa trasformazione del San Michele in un carcere per i detenuti al 41 bis \u00e8 una scelta complessa e delicata, che vede diversi interessi in campo, e che credo debba essere affrontata [&hellip;]<\/p>\n","protected":false},"author":100,"featured_media":0,"comment_status":"closed","ping_status":"closed","sticky":false,"template":"","format":"standard","meta":[],"categories":[4,58],"tags":[15],"yoast_head":"<!-- This site is optimized with the Yoast SEO plugin v19.12 - https:\/\/yoast.com\/wordpress\/plugins\/seo\/ -->\n<title>ALESSANDRIA. DETENUTI 41 BIS AL SAN MICHELE. RAVETTI: \u201cSI ASCOLTINO I VARI INTERESSI, COMPRESO QUELLO DELLA POLIZIA PENITENZIARIA. E SI INVESTA SUL DON SORIA\u201d - Partito Democratico<\/title>\n<meta name=\"robots\" content=\"index, follow, max-snippet:-1, max-image-preview:large, max-video-preview:-1\" \/>\n<link rel=\"canonical\" href=\"\/web\/2026\/03\/30\/alessandria-detenuti-41-bis-al-san-michele-ravetti-si-ascoltino-i-vari-interessi-compreso-quello-della-polizia-penitenziaria-e-si-investa-sul-don-soria\/\" \/>\n<meta property=\"og:locale\" content=\"it_IT\" \/>\n<meta property=\"og:type\" content=\"article\" \/>\n<meta property=\"og:title\" content=\"ALESSANDRIA. DETENUTI 41 BIS AL SAN MICHELE. RAVETTI: \u201cSI ASCOLTINO I VARI INTERESSI, COMPRESO QUELLO DELLA POLIZIA PENITENZIARIA. E SI INVESTA SUL DON SORIA\u201d - Partito Democratico\" \/>\n<meta property=\"og:description\" content=\"Il vicepresidente del Consiglio regionale Domenico Ravetti solleva anche la questione dell\u2019assistenza sanitaria nelle due carceri e per i detenuti ricoverati in ospedale. \u00abLa trasformazione del San Michele in un carcere per i detenuti al 41 bis \u00e8 una scelta complessa e delicata, che vede diversi interessi in campo, e che credo debba essere affrontata [&hellip;]\" \/>\n<meta property=\"og:url\" content=\"\/web\/2026\/03\/30\/alessandria-detenuti-41-bis-al-san-michele-ravetti-si-ascoltino-i-vari-interessi-compreso-quello-della-polizia-penitenziaria-e-si-investa-sul-don-soria\/\" \/>\n<meta property=\"og:site_name\" content=\"Partito Democratico\" \/>\n<meta property=\"article:published_time\" content=\"2026-03-30T06:58:55+00:00\" \/>\n<meta property=\"article:modified_time\" content=\"2026-03-30T06:58:57+00:00\" \/>\n<meta name=\"author\" content=\"apuglisi\" \/>\n<meta name=\"twitter:label1\" content=\"Scritto da\" \/>\n\t<meta name=\"twitter:data1\" content=\"apuglisi\" \/>\n\t<meta name=\"twitter:label2\" content=\"Tempo di lettura stimato\" \/>\n\t<meta name=\"twitter:data2\" content=\"1 minuto\" \/>\n<script type=\"application\/ld+json\" class=\"yoast-schema-graph\">{\"@context\":\"https:\/\/schema.org\",\"@graph\":[{\"@type\":\"WebPage\",\"@id\":\"\/web\/2026\/03\/30\/alessandria-detenuti-41-bis-al-san-michele-ravetti-si-ascoltino-i-vari-interessi-compreso-quello-della-polizia-penitenziaria-e-si-investa-sul-don-soria\/\",\"url\":\"\/web\/2026\/03\/30\/alessandria-detenuti-41-bis-al-san-michele-ravetti-si-ascoltino-i-vari-interessi-compreso-quello-della-polizia-penitenziaria-e-si-investa-sul-don-soria\/\",\"name\":\"ALESSANDRIA. DETENUTI 41 BIS AL SAN MICHELE. RAVETTI: \u201cSI ASCOLTINO I VARI INTERESSI, COMPRESO QUELLO DELLA POLIZIA PENITENZIARIA. E SI INVESTA SUL DON SORIA\u201d - Partito Democratico\",\"isPartOf\":{\"@id\":\"\/web\/#website\"},\"datePublished\":\"2026-03-30T06:58:55+00:00\",\"dateModified\":\"2026-03-30T06:58:57+00:00\",\"author\":{\"@id\":\"\/web\/#\/schema\/person\/0c13e972954f051ef0b6604dcdcd093a\"},\"breadcrumb\":{\"@id\":\"\/web\/2026\/03\/30\/alessandria-detenuti-41-bis-al-san-michele-ravetti-si-ascoltino-i-vari-interessi-compreso-quello-della-polizia-penitenziaria-e-si-investa-sul-don-soria\/#breadcrumb\"},\"inLanguage\":\"it-IT\",\"potentialAction\":[{\"@type\":\"ReadAction\",\"target\":[\"\/web\/2026\/03\/30\/alessandria-detenuti-41-bis-al-san-michele-ravetti-si-ascoltino-i-vari-interessi-compreso-quello-della-polizia-penitenziaria-e-si-investa-sul-don-soria\/\"]}]},{\"@type\":\"BreadcrumbList\",\"@id\":\"\/web\/2026\/03\/30\/alessandria-detenuti-41-bis-al-san-michele-ravetti-si-ascoltino-i-vari-interessi-compreso-quello-della-polizia-penitenziaria-e-si-investa-sul-don-soria\/#breadcrumb\",\"itemListElement\":[{\"@type\":\"ListItem\",\"position\":1,\"name\":\"Home\",\"item\":\"\/web\/\"},{\"@type\":\"ListItem\",\"position\":2,\"name\":\"ALESSANDRIA. DETENUTI 41 BIS AL SAN MICHELE. RAVETTI: \u201cSI ASCOLTINO I VARI INTERESSI, COMPRESO QUELLO DELLA POLIZIA PENITENZIARIA. E SI INVESTA SUL DON SORIA\u201d\"}]},{\"@type\":\"WebSite\",\"@id\":\"\/web\/#website\",\"url\":\"\/web\/\",\"name\":\"Partito Democratico\",\"description\":\"\",\"potentialAction\":[{\"@type\":\"SearchAction\",\"target\":{\"@type\":\"EntryPoint\",\"urlTemplate\":\"\/web\/?s={search_term_string}\"},\"query-input\":\"required name=search_term_string\"}],\"inLanguage\":\"it-IT\"},{\"@type\":\"Person\",\"@id\":\"\/web\/#\/schema\/person\/0c13e972954f051ef0b6604dcdcd093a\",\"name\":\"apuglisi\",\"image\":{\"@type\":\"ImageObject\",\"inLanguage\":\"it-IT\",\"@id\":\"\/web\/#\/schema\/person\/image\/\",\"url\":\"http:\/\/2.gravatar.com\/avatar\/8f77005929681ecacb724a762adbc06b?s=96&d=mm&r=g\",\"contentUrl\":\"http:\/\/2.gravatar.com\/avatar\/8f77005929681ecacb724a762adbc06b?s=96&d=mm&r=g\",\"caption\":\"apuglisi\"},\"url\":\"\/web\/author\/apuglisi\/\"}]}<\/script>\n<!-- \/ Yoast SEO plugin. -->","yoast_head_json":{"title":"ALESSANDRIA. DETENUTI 41 BIS AL SAN MICHELE. RAVETTI: \u201cSI ASCOLTINO I VARI INTERESSI, COMPRESO QUELLO DELLA POLIZIA PENITENZIARIA. E SI INVESTA SUL DON SORIA\u201d - Partito Democratico","robots":{"index":"index","follow":"follow","max-snippet":"max-snippet:-1","max-image-preview":"max-image-preview:large","max-video-preview":"max-video-preview:-1"},"canonical":"\/web\/2026\/03\/30\/alessandria-detenuti-41-bis-al-san-michele-ravetti-si-ascoltino-i-vari-interessi-compreso-quello-della-polizia-penitenziaria-e-si-investa-sul-don-soria\/","og_locale":"it_IT","og_type":"article","og_title":"ALESSANDRIA. DETENUTI 41 BIS AL SAN MICHELE. RAVETTI: \u201cSI ASCOLTINO I VARI INTERESSI, COMPRESO QUELLO DELLA POLIZIA PENITENZIARIA. E SI INVESTA SUL DON SORIA\u201d - Partito Democratico","og_description":"Il vicepresidente del Consiglio regionale Domenico Ravetti solleva anche la questione dell\u2019assistenza sanitaria nelle due carceri e per i detenuti ricoverati in ospedale. \u00abLa trasformazione del San Michele in un carcere per i detenuti al 41 bis \u00e8 una scelta complessa e delicata, che vede diversi interessi in campo, e che credo debba essere affrontata [&hellip;]","og_url":"\/web\/2026\/03\/30\/alessandria-detenuti-41-bis-al-san-michele-ravetti-si-ascoltino-i-vari-interessi-compreso-quello-della-polizia-penitenziaria-e-si-investa-sul-don-soria\/","og_site_name":"Partito Democratico","article_published_time":"2026-03-30T06:58:55+00:00","article_modified_time":"2026-03-30T06:58:57+00:00","author":"apuglisi","twitter_misc":{"Scritto da":"apuglisi","Tempo di lettura stimato":"1 minuto"},"schema":{"@context":"https:\/\/schema.org","@graph":[{"@type":"WebPage","@id":"\/web\/2026\/03\/30\/alessandria-detenuti-41-bis-al-san-michele-ravetti-si-ascoltino-i-vari-interessi-compreso-quello-della-polizia-penitenziaria-e-si-investa-sul-don-soria\/","url":"\/web\/2026\/03\/30\/alessandria-detenuti-41-bis-al-san-michele-ravetti-si-ascoltino-i-vari-interessi-compreso-quello-della-polizia-penitenziaria-e-si-investa-sul-don-soria\/","name":"ALESSANDRIA. DETENUTI 41 BIS AL SAN MICHELE. RAVETTI: \u201cSI ASCOLTINO I VARI INTERESSI, COMPRESO QUELLO DELLA POLIZIA PENITENZIARIA. E SI INVESTA SUL DON SORIA\u201d - Partito Democratico","isPartOf":{"@id":"\/web\/#website"},"datePublished":"2026-03-30T06:58:55+00:00","dateModified":"2026-03-30T06:58:57+00:00","author":{"@id":"\/web\/#\/schema\/person\/0c13e972954f051ef0b6604dcdcd093a"},"breadcrumb":{"@id":"\/web\/2026\/03\/30\/alessandria-detenuti-41-bis-al-san-michele-ravetti-si-ascoltino-i-vari-interessi-compreso-quello-della-polizia-penitenziaria-e-si-investa-sul-don-soria\/#breadcrumb"},"inLanguage":"it-IT","potentialAction":[{"@type":"ReadAction","target":["\/web\/2026\/03\/30\/alessandria-detenuti-41-bis-al-san-michele-ravetti-si-ascoltino-i-vari-interessi-compreso-quello-della-polizia-penitenziaria-e-si-investa-sul-don-soria\/"]}]},{"@type":"BreadcrumbList","@id":"\/web\/2026\/03\/30\/alessandria-detenuti-41-bis-al-san-michele-ravetti-si-ascoltino-i-vari-interessi-compreso-quello-della-polizia-penitenziaria-e-si-investa-sul-don-soria\/#breadcrumb","itemListElement":[{"@type":"ListItem","position":1,"name":"Home","item":"\/web\/"},{"@type":"ListItem","position":2,"name":"ALESSANDRIA. DETENUTI 41 BIS AL SAN MICHELE. RAVETTI: \u201cSI ASCOLTINO I VARI INTERESSI, COMPRESO QUELLO DELLA POLIZIA PENITENZIARIA. E SI INVESTA SUL DON SORIA\u201d"}]},{"@type":"WebSite","@id":"\/web\/#website","url":"\/web\/","name":"Partito Democratico","description":"","potentialAction":[{"@type":"SearchAction","target":{"@type":"EntryPoint","urlTemplate":"\/web\/?s={search_term_string}"},"query-input":"required name=search_term_string"}],"inLanguage":"it-IT"},{"@type":"Person","@id":"\/web\/#\/schema\/person\/0c13e972954f051ef0b6604dcdcd093a","name":"apuglisi","image":{"@type":"ImageObject","inLanguage":"it-IT","@id":"\/web\/#\/schema\/person\/image\/","url":"http:\/\/2.gravatar.com\/avatar\/8f77005929681ecacb724a762adbc06b?s=96&d=mm&r=g","contentUrl":"http:\/\/2.gravatar.com\/avatar\/8f77005929681ecacb724a762adbc06b?s=96&d=mm&r=g","caption":"apuglisi"},"url":"\/web\/author\/apuglisi\/"}]}},"_links":{"self":[{"href":"\/web\/wp-json\/wp\/v2\/posts\/3767"}],"collection":[{"href":"\/web\/wp-json\/wp\/v2\/posts"}],"about":[{"href":"\/web\/wp-json\/wp\/v2\/types\/post"}],"author":[{"embeddable":true,"href":"\/web\/wp-json\/wp\/v2\/users\/100"}],"replies":[{"embeddable":true,"href":"\/web\/wp-json\/wp\/v2\/comments?post=3767"}],"version-history":[{"count":1,"href":"\/web\/wp-json\/wp\/v2\/posts\/3767\/revisions"}],"predecessor-version":[{"id":3768,"href":"\/web\/wp-json\/wp\/v2\/posts\/3767\/revisions\/3768"}],"wp:attachment":[{"href":"\/web\/wp-json\/wp\/v2\/media?parent=3767"}],"wp:term":[{"taxonomy":"category","embeddable":true,"href":"\/web\/wp-json\/wp\/v2\/categories?post=3767"},{"taxonomy":"post_tag","embeddable":true,"href":"\/web\/wp-json\/wp\/v2\/tags?post=3767"}],"curies":[{"name":"wp","href":"https:\/\/api.w.org\/{rel}","templated":true}]}}