{"id":3761,"date":"2026-03-25T09:10:43","date_gmt":"2026-03-25T08:10:43","guid":{"rendered":"\/web\/?p=3761"},"modified":"2026-03-25T09:10:45","modified_gmt":"2026-03-25T08:10:45","slug":"metro-prolungamento-linea-1-fermi-cascine-vica-conticelli-la-regione-non-puo-limitarsi-a-fare-losservatore-esterno","status":"publish","type":"post","link":"\/web\/2026\/03\/25\/metro-prolungamento-linea-1-fermi-cascine-vica-conticelli-la-regione-non-puo-limitarsi-a-fare-losservatore-esterno\/","title":{"rendered":"Metro: prolungamento Linea 1 Fermi\u2013Cascine Vica. Conticelli: \u201cLa Regione non pu\u00f2 limitarsi a fare l\u2019osservatore esterno\u201d"},"content":{"rendered":"\n<p>\u201cDi fronte al serio rischio di stop dei lavori per il prolungamento della Linea 1 della Metropolitana di Torino nel tratto Fermi\u2013Cascine Vica (Rivoli), mi sarei aspettata una posizione pi\u00f9 decisa da parte della Giunta regionale che invece, alla mia interrogazione urgente in merito&nbsp; non ha risposto praticamente a niente, nonostante il ruolo predominante rivestito dall\u2019Ente nella programmazione del sistema di trasporto pubblico e nella realizzazione delle infrastrutture strategiche sul territorio.<\/p>\n\n\n\n<p>\u201cLa prosecuzione dell\u2019opera, fondamentale per il potenziamento del trasporto pubblico locale e per la riduzione del traffico e dell\u2019inquinamento nella zona ovest della citt\u00e0, \u00e8 attualmente in bilico, per la grave situazione finanziaria della societ\u00e0 capofila dei lavori, Italiana Costruzioni Infrastrutture S.p.A, che non ha presentato ancora il concordato preventivo, nonostante la dilazione dei termini, gi\u00e0 scaduti.&nbsp;<\/p>\n\n\n\n<p>\u201cLa stazione appaltante Infra.To. sta garantendo la prosecuzione dei lavori, anche perch\u00e9 in caso di rinuncia da parte della societ\u00e0 appaltatrice si manifesterebbero evidenti&nbsp; criticit\u00e0 legate ai tempi ma soprattutto ai costi dell\u2019opera data l\u2019attuale congiuntura di aumenti dei costi dell\u2019energia e delle materie prime.<\/p>\n\n\n\n<p>&#8220;Regione Piemonte non pu\u00f2 limitarsi a fare l\u2019osservatore esterno tra Governo, stazione appaltante ed Enti locali. Recentemente, nel corso del&nbsp; sopralluogo al cantiere della stazione Collegno centro con la Commissione Trasporti regionale, abbiamo potuto constatare il disagio che il protrarsi dei lavori genera sul territorio, oltre al fatto che si tratta di un\u2019opera interamente finanziata con fondi pubblici.&nbsp;<\/p>\n\n\n\n<p>&#8220;Chiediamo quindi un intervento pi\u00f9 deciso da parte della Giunta regionale affinch\u00e9 siano garantiti tempi e finanziamenti per l\u2019opera&#8221;.<\/p>\n\n\n\n<p><strong>Lo dichiara&nbsp;<\/strong><strong>Nadia Conticelli,<\/strong><strong>&nbsp;consigliera regionale e vicepresidente II commissione&nbsp;<\/strong><\/p>\n","protected":false},"excerpt":{"rendered":"<p>\u201cDi fronte al serio rischio di stop dei lavori per il prolungamento della Linea 1 della Metropolitana di Torino nel tratto Fermi\u2013Cascine Vica (Rivoli), mi sarei aspettata una posizione pi\u00f9 decisa da parte della Giunta regionale che invece, alla mia interrogazione urgente in merito&nbsp; non ha risposto praticamente a niente, nonostante il ruolo predominante rivestito [&hellip;]<\/p>\n","protected":false},"author":100,"featured_media":0,"comment_status":"closed","ping_status":"closed","sticky":false,"template":"","format":"standard","meta":[],"categories":[4,60,57],"tags":[44],"yoast_head":"<!-- This site is optimized with the Yoast SEO plugin v19.12 - https:\/\/yoast.com\/wordpress\/plugins\/seo\/ -->\n<title>Metro: prolungamento Linea 1 Fermi\u2013Cascine Vica. Conticelli: \u201cLa Regione non pu\u00f2 limitarsi a fare l\u2019osservatore esterno\u201d - Partito Democratico<\/title>\n<meta name=\"robots\" content=\"index, follow, max-snippet:-1, max-image-preview:large, max-video-preview:-1\" \/>\n<link rel=\"canonical\" href=\"\/web\/2026\/03\/25\/metro-prolungamento-linea-1-fermi-cascine-vica-conticelli-la-regione-non-puo-limitarsi-a-fare-losservatore-esterno\/\" \/>\n<meta property=\"og:locale\" content=\"it_IT\" \/>\n<meta property=\"og:type\" content=\"article\" \/>\n<meta property=\"og:title\" content=\"Metro: prolungamento Linea 1 Fermi\u2013Cascine Vica. Conticelli: \u201cLa Regione non pu\u00f2 limitarsi a fare l\u2019osservatore esterno\u201d - Partito Democratico\" \/>\n<meta property=\"og:description\" content=\"\u201cDi fronte al serio rischio di stop dei lavori per il prolungamento della Linea 1 della Metropolitana di Torino nel tratto Fermi\u2013Cascine Vica (Rivoli), mi sarei aspettata una posizione pi\u00f9 decisa da parte della Giunta regionale che invece, alla mia interrogazione urgente in merito&nbsp; non ha risposto praticamente a niente, nonostante il ruolo predominante rivestito [&hellip;]\" \/>\n<meta property=\"og:url\" content=\"\/web\/2026\/03\/25\/metro-prolungamento-linea-1-fermi-cascine-vica-conticelli-la-regione-non-puo-limitarsi-a-fare-losservatore-esterno\/\" \/>\n<meta property=\"og:site_name\" content=\"Partito Democratico\" \/>\n<meta property=\"article:published_time\" content=\"2026-03-25T08:10:43+00:00\" \/>\n<meta property=\"article:modified_time\" content=\"2026-03-25T08:10:45+00:00\" \/>\n<meta name=\"author\" content=\"apuglisi\" \/>\n<meta name=\"twitter:label1\" content=\"Scritto da\" \/>\n\t<meta name=\"twitter:data1\" content=\"apuglisi\" \/>\n\t<meta name=\"twitter:label2\" content=\"Tempo di lettura stimato\" \/>\n\t<meta name=\"twitter:data2\" content=\"1 minuto\" \/>\n<script type=\"application\/ld+json\" class=\"yoast-schema-graph\">{\"@context\":\"https:\/\/schema.org\",\"@graph\":[{\"@type\":\"WebPage\",\"@id\":\"\/web\/2026\/03\/25\/metro-prolungamento-linea-1-fermi-cascine-vica-conticelli-la-regione-non-puo-limitarsi-a-fare-losservatore-esterno\/\",\"url\":\"\/web\/2026\/03\/25\/metro-prolungamento-linea-1-fermi-cascine-vica-conticelli-la-regione-non-puo-limitarsi-a-fare-losservatore-esterno\/\",\"name\":\"Metro: prolungamento Linea 1 Fermi\u2013Cascine Vica. Conticelli: \u201cLa Regione non pu\u00f2 limitarsi a fare l\u2019osservatore esterno\u201d - Partito Democratico\",\"isPartOf\":{\"@id\":\"\/web\/#website\"},\"datePublished\":\"2026-03-25T08:10:43+00:00\",\"dateModified\":\"2026-03-25T08:10:45+00:00\",\"author\":{\"@id\":\"\/web\/#\/schema\/person\/0c13e972954f051ef0b6604dcdcd093a\"},\"breadcrumb\":{\"@id\":\"\/web\/2026\/03\/25\/metro-prolungamento-linea-1-fermi-cascine-vica-conticelli-la-regione-non-puo-limitarsi-a-fare-losservatore-esterno\/#breadcrumb\"},\"inLanguage\":\"it-IT\",\"potentialAction\":[{\"@type\":\"ReadAction\",\"target\":[\"\/web\/2026\/03\/25\/metro-prolungamento-linea-1-fermi-cascine-vica-conticelli-la-regione-non-puo-limitarsi-a-fare-losservatore-esterno\/\"]}]},{\"@type\":\"BreadcrumbList\",\"@id\":\"\/web\/2026\/03\/25\/metro-prolungamento-linea-1-fermi-cascine-vica-conticelli-la-regione-non-puo-limitarsi-a-fare-losservatore-esterno\/#breadcrumb\",\"itemListElement\":[{\"@type\":\"ListItem\",\"position\":1,\"name\":\"Home\",\"item\":\"\/web\/\"},{\"@type\":\"ListItem\",\"position\":2,\"name\":\"Metro: prolungamento Linea 1 Fermi\u2013Cascine Vica. Conticelli: \u201cLa Regione non pu\u00f2 limitarsi a fare l\u2019osservatore esterno\u201d\"}]},{\"@type\":\"WebSite\",\"@id\":\"\/web\/#website\",\"url\":\"\/web\/\",\"name\":\"Partito Democratico\",\"description\":\"\",\"potentialAction\":[{\"@type\":\"SearchAction\",\"target\":{\"@type\":\"EntryPoint\",\"urlTemplate\":\"\/web\/?s={search_term_string}\"},\"query-input\":\"required name=search_term_string\"}],\"inLanguage\":\"it-IT\"},{\"@type\":\"Person\",\"@id\":\"\/web\/#\/schema\/person\/0c13e972954f051ef0b6604dcdcd093a\",\"name\":\"apuglisi\",\"image\":{\"@type\":\"ImageObject\",\"inLanguage\":\"it-IT\",\"@id\":\"\/web\/#\/schema\/person\/image\/\",\"url\":\"http:\/\/2.gravatar.com\/avatar\/8f77005929681ecacb724a762adbc06b?s=96&d=mm&r=g\",\"contentUrl\":\"http:\/\/2.gravatar.com\/avatar\/8f77005929681ecacb724a762adbc06b?s=96&d=mm&r=g\",\"caption\":\"apuglisi\"},\"url\":\"\/web\/author\/apuglisi\/\"}]}<\/script>\n<!-- \/ Yoast SEO plugin. -->","yoast_head_json":{"title":"Metro: prolungamento Linea 1 Fermi\u2013Cascine Vica. Conticelli: \u201cLa Regione non pu\u00f2 limitarsi a fare l\u2019osservatore esterno\u201d - Partito Democratico","robots":{"index":"index","follow":"follow","max-snippet":"max-snippet:-1","max-image-preview":"max-image-preview:large","max-video-preview":"max-video-preview:-1"},"canonical":"\/web\/2026\/03\/25\/metro-prolungamento-linea-1-fermi-cascine-vica-conticelli-la-regione-non-puo-limitarsi-a-fare-losservatore-esterno\/","og_locale":"it_IT","og_type":"article","og_title":"Metro: prolungamento Linea 1 Fermi\u2013Cascine Vica. Conticelli: \u201cLa Regione non pu\u00f2 limitarsi a fare l\u2019osservatore esterno\u201d - Partito Democratico","og_description":"\u201cDi fronte al serio rischio di stop dei lavori per il prolungamento della Linea 1 della Metropolitana di Torino nel tratto Fermi\u2013Cascine Vica (Rivoli), mi sarei aspettata una posizione pi\u00f9 decisa da parte della Giunta regionale che invece, alla mia interrogazione urgente in merito&nbsp; non ha risposto praticamente a niente, nonostante il ruolo predominante rivestito [&hellip;]","og_url":"\/web\/2026\/03\/25\/metro-prolungamento-linea-1-fermi-cascine-vica-conticelli-la-regione-non-puo-limitarsi-a-fare-losservatore-esterno\/","og_site_name":"Partito Democratico","article_published_time":"2026-03-25T08:10:43+00:00","article_modified_time":"2026-03-25T08:10:45+00:00","author":"apuglisi","twitter_misc":{"Scritto da":"apuglisi","Tempo di lettura stimato":"1 minuto"},"schema":{"@context":"https:\/\/schema.org","@graph":[{"@type":"WebPage","@id":"\/web\/2026\/03\/25\/metro-prolungamento-linea-1-fermi-cascine-vica-conticelli-la-regione-non-puo-limitarsi-a-fare-losservatore-esterno\/","url":"\/web\/2026\/03\/25\/metro-prolungamento-linea-1-fermi-cascine-vica-conticelli-la-regione-non-puo-limitarsi-a-fare-losservatore-esterno\/","name":"Metro: prolungamento Linea 1 Fermi\u2013Cascine Vica. Conticelli: \u201cLa Regione non pu\u00f2 limitarsi a fare l\u2019osservatore esterno\u201d - Partito Democratico","isPartOf":{"@id":"\/web\/#website"},"datePublished":"2026-03-25T08:10:43+00:00","dateModified":"2026-03-25T08:10:45+00:00","author":{"@id":"\/web\/#\/schema\/person\/0c13e972954f051ef0b6604dcdcd093a"},"breadcrumb":{"@id":"\/web\/2026\/03\/25\/metro-prolungamento-linea-1-fermi-cascine-vica-conticelli-la-regione-non-puo-limitarsi-a-fare-losservatore-esterno\/#breadcrumb"},"inLanguage":"it-IT","potentialAction":[{"@type":"ReadAction","target":["\/web\/2026\/03\/25\/metro-prolungamento-linea-1-fermi-cascine-vica-conticelli-la-regione-non-puo-limitarsi-a-fare-losservatore-esterno\/"]}]},{"@type":"BreadcrumbList","@id":"\/web\/2026\/03\/25\/metro-prolungamento-linea-1-fermi-cascine-vica-conticelli-la-regione-non-puo-limitarsi-a-fare-losservatore-esterno\/#breadcrumb","itemListElement":[{"@type":"ListItem","position":1,"name":"Home","item":"\/web\/"},{"@type":"ListItem","position":2,"name":"Metro: prolungamento Linea 1 Fermi\u2013Cascine Vica. Conticelli: \u201cLa Regione non pu\u00f2 limitarsi a fare l\u2019osservatore esterno\u201d"}]},{"@type":"WebSite","@id":"\/web\/#website","url":"\/web\/","name":"Partito Democratico","description":"","potentialAction":[{"@type":"SearchAction","target":{"@type":"EntryPoint","urlTemplate":"\/web\/?s={search_term_string}"},"query-input":"required name=search_term_string"}],"inLanguage":"it-IT"},{"@type":"Person","@id":"\/web\/#\/schema\/person\/0c13e972954f051ef0b6604dcdcd093a","name":"apuglisi","image":{"@type":"ImageObject","inLanguage":"it-IT","@id":"\/web\/#\/schema\/person\/image\/","url":"http:\/\/2.gravatar.com\/avatar\/8f77005929681ecacb724a762adbc06b?s=96&d=mm&r=g","contentUrl":"http:\/\/2.gravatar.com\/avatar\/8f77005929681ecacb724a762adbc06b?s=96&d=mm&r=g","caption":"apuglisi"},"url":"\/web\/author\/apuglisi\/"}]}},"_links":{"self":[{"href":"\/web\/wp-json\/wp\/v2\/posts\/3761"}],"collection":[{"href":"\/web\/wp-json\/wp\/v2\/posts"}],"about":[{"href":"\/web\/wp-json\/wp\/v2\/types\/post"}],"author":[{"embeddable":true,"href":"\/web\/wp-json\/wp\/v2\/users\/100"}],"replies":[{"embeddable":true,"href":"\/web\/wp-json\/wp\/v2\/comments?post=3761"}],"version-history":[{"count":1,"href":"\/web\/wp-json\/wp\/v2\/posts\/3761\/revisions"}],"predecessor-version":[{"id":3762,"href":"\/web\/wp-json\/wp\/v2\/posts\/3761\/revisions\/3762"}],"wp:attachment":[{"href":"\/web\/wp-json\/wp\/v2\/media?parent=3761"}],"wp:term":[{"taxonomy":"category","embeddable":true,"href":"\/web\/wp-json\/wp\/v2\/categories?post=3761"},{"taxonomy":"post_tag","embeddable":true,"href":"\/web\/wp-json\/wp\/v2\/tags?post=3761"}],"curies":[{"name":"wp","href":"https:\/\/api.w.org\/{rel}","templated":true}]}}