{"id":3206,"date":"2024-10-08T17:32:32","date_gmt":"2024-10-08T15:32:32","guid":{"rendered":"\/web\/?p=3206"},"modified":"2024-10-08T17:32:35","modified_gmt":"2024-10-08T15:32:35","slug":"emanuelaverzella","status":"publish","type":"post","link":"\/web\/2024\/10\/08\/emanuelaverzella\/","title":{"rendered":"EmanuelaVerzella"},"content":{"rendered":"<div class=\"wp-block-image\">\n<figure class=\"alignleft size-full\"><a href=\"\/web\/wp-content\/uploads\/sites\/8\/2024\/10\/image-6.png\"><img decoding=\"async\" loading=\"lazy\" width=\"200\" height=\"300\" src=\"\/web\/wp-content\/uploads\/sites\/8\/2024\/10\/image-6.png\" alt=\"\" class=\"wp-image-3207\" \/><\/a><\/figure><\/div>\n\n\n<p>Nata a Torino il 26 gennaio 1963.<br>Laureata in Lettere moderne all\u2019Universit\u00e0 di Torino nel 1988. Borsista della Fondazione di studi storico-politici Luigi Einaudi, nel 1994 consegue a Roma il dottorato di ricerca in Storia delle societ\u00e0 europee.<br>Insegna nelle scuole secondarie e \u2013 dopo aver frequentato un corso di perfezionamento all\u2019Universit\u00e0 di Firenze \u2013 dal 2012 \u00e8 dirigente scolastico.<br>Per nove anni \u00e8 a capo di uno dei maggiori Istituti comprensivi della provincia di Biella.<br>Reggente e dirigente titolare del Centro provinciale per l\u2019Istruzione degli adulti delle province di Biella e Vercelli, si occupa anche dell\u2019istruzione nelle Case circondariali delle due province. Contribuisce, inoltre, alla creazione a al coordinamento di reti provinciali, regionali e nazionali contro la dispersione scolastica e per l\u2019inclusione linguistica e culturale degli stranieri.<br>Dal 1995 al 1999 \u00e8 assessore all\u2019Istruzione e alle Politiche giovanili della Citt\u00e0 di Biella come indipendente di sinistra.<br>Tra il 2004 e il 2018 \u00e8, a pi\u00f9 riprese, componente dell\u2019Organo di indirizzo e del Cda della Fondazione Cassa di Risparmio di Biella; nell\u2019ambito di tale incarico \u00e8 stata nel Cda di Citt\u00e0 Studi Spa, societ\u00e0 strumentale della Fondazione che a Biella ospita formazione professionale regionale, scuole secondarie e Universit\u00e0.<br>Iscritta al Pd dalla sua fondazione, \u00e8 stata componente della segreteria politica di Biella.<br>Ha pubblicato volumi e saggi sulla storia delle istituzioni educative e universitarie, sui rapporti tra teologia e politica e sulla gestione dei patrimoni ecclesiastici nell\u2019et\u00e0 moderna.<br>Nel 2024 viene eletta per la prima volta in Consiglio regionale per il Pd nella circoscrizione di Biella.<\/p>\n","protected":false},"excerpt":{"rendered":"<p>Nata a Torino il 26 gennaio 1963.Laureata in Lettere moderne all\u2019Universit\u00e0 di Torino nel 1988. Borsista della Fondazione di studi storico-politici Luigi Einaudi, nel 1994 consegue a Roma il dottorato di ricerca in Storia delle societ\u00e0 europee.Insegna nelle scuole secondarie e \u2013 dopo aver frequentato un corso di perfezionamento all\u2019Universit\u00e0 di Firenze \u2013 dal 2012 [&hellip;]<\/p>\n","protected":false},"author":58,"featured_media":0,"comment_status":"closed","ping_status":"closed","sticky":false,"template":"","format":"standard","meta":[],"categories":[2],"tags":[89],"yoast_head":"<!-- This site is optimized with the Yoast SEO plugin v19.12 - https:\/\/yoast.com\/wordpress\/plugins\/seo\/ -->\n<title>EmanuelaVerzella - Partito Democratico<\/title>\n<meta name=\"robots\" content=\"index, follow, max-snippet:-1, max-image-preview:large, max-video-preview:-1\" \/>\n<link rel=\"canonical\" href=\"\/web\/2024\/10\/08\/emanuelaverzella\/\" \/>\n<meta property=\"og:locale\" content=\"it_IT\" \/>\n<meta property=\"og:type\" content=\"article\" \/>\n<meta property=\"og:title\" content=\"EmanuelaVerzella - Partito Democratico\" \/>\n<meta property=\"og:description\" content=\"Nata a Torino il 26 gennaio 1963.Laureata in Lettere moderne all\u2019Universit\u00e0 di Torino nel 1988. Borsista della Fondazione di studi storico-politici Luigi Einaudi, nel 1994 consegue a Roma il dottorato di ricerca in Storia delle societ\u00e0 europee.Insegna nelle scuole secondarie e \u2013 dopo aver frequentato un corso di perfezionamento all\u2019Universit\u00e0 di Firenze \u2013 dal 2012 [&hellip;]\" \/>\n<meta property=\"og:url\" content=\"\/web\/2024\/10\/08\/emanuelaverzella\/\" \/>\n<meta property=\"og:site_name\" content=\"Partito Democratico\" \/>\n<meta property=\"article:published_time\" content=\"2024-10-08T15:32:32+00:00\" \/>\n<meta property=\"article:modified_time\" content=\"2024-10-08T15:32:35+00:00\" \/>\n<meta name=\"author\" content=\"mastrodicasa\" \/>\n<meta name=\"twitter:label1\" content=\"Scritto da\" \/>\n\t<meta name=\"twitter:data1\" content=\"mastrodicasa\" \/>\n\t<meta name=\"twitter:label2\" content=\"Tempo di lettura stimato\" \/>\n\t<meta name=\"twitter:data2\" content=\"2 minuti\" \/>\n<script type=\"application\/ld+json\" class=\"yoast-schema-graph\">{\"@context\":\"https:\/\/schema.org\",\"@graph\":[{\"@type\":\"WebPage\",\"@id\":\"\/web\/2024\/10\/08\/emanuelaverzella\/\",\"url\":\"\/web\/2024\/10\/08\/emanuelaverzella\/\",\"name\":\"EmanuelaVerzella - Partito Democratico\",\"isPartOf\":{\"@id\":\"\/web\/#website\"},\"datePublished\":\"2024-10-08T15:32:32+00:00\",\"dateModified\":\"2024-10-08T15:32:35+00:00\",\"author\":{\"@id\":\"\/web\/#\/schema\/person\/e3213afc750e7648b3ad0561ab389690\"},\"breadcrumb\":{\"@id\":\"\/web\/2024\/10\/08\/emanuelaverzella\/#breadcrumb\"},\"inLanguage\":\"it-IT\",\"potentialAction\":[{\"@type\":\"ReadAction\",\"target\":[\"\/web\/2024\/10\/08\/emanuelaverzella\/\"]}]},{\"@type\":\"BreadcrumbList\",\"@id\":\"\/web\/2024\/10\/08\/emanuelaverzella\/#breadcrumb\",\"itemListElement\":[{\"@type\":\"ListItem\",\"position\":1,\"name\":\"Home\",\"item\":\"\/web\/\"},{\"@type\":\"ListItem\",\"position\":2,\"name\":\"EmanuelaVerzella\"}]},{\"@type\":\"WebSite\",\"@id\":\"\/web\/#website\",\"url\":\"\/web\/\",\"name\":\"Partito Democratico\",\"description\":\"\",\"potentialAction\":[{\"@type\":\"SearchAction\",\"target\":{\"@type\":\"EntryPoint\",\"urlTemplate\":\"\/web\/?s={search_term_string}\"},\"query-input\":\"required name=search_term_string\"}],\"inLanguage\":\"it-IT\"},{\"@type\":\"Person\",\"@id\":\"\/web\/#\/schema\/person\/e3213afc750e7648b3ad0561ab389690\",\"name\":\"mastrodicasa\",\"image\":{\"@type\":\"ImageObject\",\"inLanguage\":\"it-IT\",\"@id\":\"\/web\/#\/schema\/person\/image\/\",\"url\":\"http:\/\/0.gravatar.com\/avatar\/3193e7cdcf94bcc77fa1c5b0cf49f5f6?s=96&d=mm&r=g\",\"contentUrl\":\"http:\/\/0.gravatar.com\/avatar\/3193e7cdcf94bcc77fa1c5b0cf49f5f6?s=96&d=mm&r=g\",\"caption\":\"mastrodicasa\"},\"url\":\"\/web\/author\/mastrodicasa\/\"}]}<\/script>\n<!-- \/ Yoast SEO plugin. -->","yoast_head_json":{"title":"EmanuelaVerzella - Partito Democratico","robots":{"index":"index","follow":"follow","max-snippet":"max-snippet:-1","max-image-preview":"max-image-preview:large","max-video-preview":"max-video-preview:-1"},"canonical":"\/web\/2024\/10\/08\/emanuelaverzella\/","og_locale":"it_IT","og_type":"article","og_title":"EmanuelaVerzella - Partito Democratico","og_description":"Nata a Torino il 26 gennaio 1963.Laureata in Lettere moderne all\u2019Universit\u00e0 di Torino nel 1988. Borsista della Fondazione di studi storico-politici Luigi Einaudi, nel 1994 consegue a Roma il dottorato di ricerca in Storia delle societ\u00e0 europee.Insegna nelle scuole secondarie e \u2013 dopo aver frequentato un corso di perfezionamento all\u2019Universit\u00e0 di Firenze \u2013 dal 2012 [&hellip;]","og_url":"\/web\/2024\/10\/08\/emanuelaverzella\/","og_site_name":"Partito Democratico","article_published_time":"2024-10-08T15:32:32+00:00","article_modified_time":"2024-10-08T15:32:35+00:00","author":"mastrodicasa","twitter_misc":{"Scritto da":"mastrodicasa","Tempo di lettura stimato":"2 minuti"},"schema":{"@context":"https:\/\/schema.org","@graph":[{"@type":"WebPage","@id":"\/web\/2024\/10\/08\/emanuelaverzella\/","url":"\/web\/2024\/10\/08\/emanuelaverzella\/","name":"EmanuelaVerzella - Partito Democratico","isPartOf":{"@id":"\/web\/#website"},"datePublished":"2024-10-08T15:32:32+00:00","dateModified":"2024-10-08T15:32:35+00:00","author":{"@id":"\/web\/#\/schema\/person\/e3213afc750e7648b3ad0561ab389690"},"breadcrumb":{"@id":"\/web\/2024\/10\/08\/emanuelaverzella\/#breadcrumb"},"inLanguage":"it-IT","potentialAction":[{"@type":"ReadAction","target":["\/web\/2024\/10\/08\/emanuelaverzella\/"]}]},{"@type":"BreadcrumbList","@id":"\/web\/2024\/10\/08\/emanuelaverzella\/#breadcrumb","itemListElement":[{"@type":"ListItem","position":1,"name":"Home","item":"\/web\/"},{"@type":"ListItem","position":2,"name":"EmanuelaVerzella"}]},{"@type":"WebSite","@id":"\/web\/#website","url":"\/web\/","name":"Partito Democratico","description":"","potentialAction":[{"@type":"SearchAction","target":{"@type":"EntryPoint","urlTemplate":"\/web\/?s={search_term_string}"},"query-input":"required name=search_term_string"}],"inLanguage":"it-IT"},{"@type":"Person","@id":"\/web\/#\/schema\/person\/e3213afc750e7648b3ad0561ab389690","name":"mastrodicasa","image":{"@type":"ImageObject","inLanguage":"it-IT","@id":"\/web\/#\/schema\/person\/image\/","url":"http:\/\/0.gravatar.com\/avatar\/3193e7cdcf94bcc77fa1c5b0cf49f5f6?s=96&d=mm&r=g","contentUrl":"http:\/\/0.gravatar.com\/avatar\/3193e7cdcf94bcc77fa1c5b0cf49f5f6?s=96&d=mm&r=g","caption":"mastrodicasa"},"url":"\/web\/author\/mastrodicasa\/"}]}},"_links":{"self":[{"href":"\/web\/wp-json\/wp\/v2\/posts\/3206"}],"collection":[{"href":"\/web\/wp-json\/wp\/v2\/posts"}],"about":[{"href":"\/web\/wp-json\/wp\/v2\/types\/post"}],"author":[{"embeddable":true,"href":"\/web\/wp-json\/wp\/v2\/users\/58"}],"replies":[{"embeddable":true,"href":"\/web\/wp-json\/wp\/v2\/comments?post=3206"}],"version-history":[{"count":1,"href":"\/web\/wp-json\/wp\/v2\/posts\/3206\/revisions"}],"predecessor-version":[{"id":3208,"href":"\/web\/wp-json\/wp\/v2\/posts\/3206\/revisions\/3208"}],"wp:attachment":[{"href":"\/web\/wp-json\/wp\/v2\/media?parent=3206"}],"wp:term":[{"taxonomy":"category","embeddable":true,"href":"\/web\/wp-json\/wp\/v2\/categories?post=3206"},{"taxonomy":"post_tag","embeddable":true,"href":"\/web\/wp-json\/wp\/v2\/tags?post=3206"}],"curies":[{"name":"wp","href":"https:\/\/api.w.org\/{rel}","templated":true}]}}