{"id":3202,"date":"2024-10-08T17:31:00","date_gmt":"2024-10-08T15:31:00","guid":{"rendered":"\/web\/?p=3202"},"modified":"2024-10-08T17:31:16","modified_gmt":"2024-10-08T15:31:16","slug":"laura-pompeo","status":"publish","type":"post","link":"\/web\/2024\/10\/08\/laura-pompeo\/","title":{"rendered":"Laura Pompeo"},"content":{"rendered":"<div class=\"wp-block-image\">\n<figure class=\"alignleft size-full\"><a href=\"\/web\/wp-content\/uploads\/sites\/8\/2024\/10\/image-5.png\"><img decoding=\"async\" loading=\"lazy\" width=\"200\" height=\"300\" src=\"\/web\/wp-content\/uploads\/sites\/8\/2024\/10\/image-5.png\" alt=\"\" class=\"wp-image-3203\" \/><\/a><\/figure><\/div>\n\n\n<p>Nata a Moncalieri (To) il 17 dicembre 1965.<br>Vive a Torino, dopo aver vissuto e lavorato a Venezia e a Genova.<br>Laureata in Lettere classiche con indirizzo Archeologia, ha frequentato la Scuola di specializzazione triennale in Archeologia, la Scuola di specializzazione in Museografia al Politecnico di Torino e il master in Gestione e comunicazione dei Beni culturali alla Scuola Normale Superiore di Pisa.<br>Per quindici anni ha operato al Centro ricerche archeologiche e scavi per il Medio Oriente e l\u2019Asia. Ha lavorato a Selinunte e ha coordinato missioni in Siria e in Giordania. I risultati sono stati esposti in pubblicazioni e interventi a convegni internazionali e in docenze per corsi post laurea in Italia e all&#8217;estero.<br>Responsabile di progetti museali ed ecomuseali, di studi per la valorizzazione di contesti territoriali, di ricerche per il recupero di complessi monumentali per enti pubblici e privati; curatrice e organizzatrice di convegni e di mostre, di programmi per il turismo e per migliorare l\u2019accessibilit\u00e0 di centri storici e monumenti. Ha svolto docenze nella scuola secondaria.<br>Dal 2015 al 2020 \u00e8 assessore a Cultura, Turismo, Biblioteche, Pari opportunit\u00e0 e Relazioni internazionali del Comune di Moncalieri; dal 2020 al 2024 svolge il secondo mandato.<br>\u00c8 componente della Segreteria della Federazione metropolitana Pd di Torino con deleghe a Cultura, Turismo, Pari opportunit\u00e0, Universit\u00e0 e Ricerca.<br>Nel 2024 \u00e8 eletta per la prima volta in Consiglio regionale nella lista Pd nella circoscrizione di Torino.<\/p>\n","protected":false},"excerpt":{"rendered":"<p>Nata a Moncalieri (To) il 17 dicembre 1965.Vive a Torino, dopo aver vissuto e lavorato a Venezia e a Genova.Laureata in Lettere classiche con indirizzo Archeologia, ha frequentato la Scuola di specializzazione triennale in Archeologia, la Scuola di specializzazione in Museografia al Politecnico di Torino e il master in Gestione e comunicazione dei Beni culturali [&hellip;]<\/p>\n","protected":false},"author":58,"featured_media":0,"comment_status":"closed","ping_status":"closed","sticky":false,"template":"","format":"standard","meta":[],"categories":[2],"tags":[92],"yoast_head":"<!-- This site is optimized with the Yoast SEO plugin v19.12 - https:\/\/yoast.com\/wordpress\/plugins\/seo\/ -->\n<title>Laura Pompeo - Partito Democratico<\/title>\n<meta name=\"robots\" content=\"index, follow, max-snippet:-1, max-image-preview:large, max-video-preview:-1\" \/>\n<link rel=\"canonical\" href=\"\/web\/2024\/10\/08\/laura-pompeo\/\" \/>\n<meta property=\"og:locale\" content=\"it_IT\" \/>\n<meta property=\"og:type\" content=\"article\" \/>\n<meta property=\"og:title\" content=\"Laura Pompeo - Partito Democratico\" \/>\n<meta property=\"og:description\" content=\"Nata a Moncalieri (To) il 17 dicembre 1965.Vive a Torino, dopo aver vissuto e lavorato a Venezia e a Genova.Laureata in Lettere classiche con indirizzo Archeologia, ha frequentato la Scuola di specializzazione triennale in Archeologia, la Scuola di specializzazione in Museografia al Politecnico di Torino e il master in Gestione e comunicazione dei Beni culturali [&hellip;]\" \/>\n<meta property=\"og:url\" content=\"\/web\/2024\/10\/08\/laura-pompeo\/\" \/>\n<meta property=\"og:site_name\" content=\"Partito Democratico\" \/>\n<meta property=\"article:published_time\" content=\"2024-10-08T15:31:00+00:00\" \/>\n<meta property=\"article:modified_time\" content=\"2024-10-08T15:31:16+00:00\" \/>\n<meta name=\"author\" content=\"mastrodicasa\" \/>\n<meta name=\"twitter:label1\" content=\"Scritto da\" \/>\n\t<meta name=\"twitter:data1\" content=\"mastrodicasa\" \/>\n\t<meta name=\"twitter:label2\" content=\"Tempo di lettura stimato\" \/>\n\t<meta name=\"twitter:data2\" content=\"2 minuti\" \/>\n<script type=\"application\/ld+json\" class=\"yoast-schema-graph\">{\"@context\":\"https:\/\/schema.org\",\"@graph\":[{\"@type\":\"WebPage\",\"@id\":\"\/web\/2024\/10\/08\/laura-pompeo\/\",\"url\":\"\/web\/2024\/10\/08\/laura-pompeo\/\",\"name\":\"Laura Pompeo - Partito Democratico\",\"isPartOf\":{\"@id\":\"\/web\/#website\"},\"datePublished\":\"2024-10-08T15:31:00+00:00\",\"dateModified\":\"2024-10-08T15:31:16+00:00\",\"author\":{\"@id\":\"\/web\/#\/schema\/person\/e3213afc750e7648b3ad0561ab389690\"},\"breadcrumb\":{\"@id\":\"\/web\/2024\/10\/08\/laura-pompeo\/#breadcrumb\"},\"inLanguage\":\"it-IT\",\"potentialAction\":[{\"@type\":\"ReadAction\",\"target\":[\"\/web\/2024\/10\/08\/laura-pompeo\/\"]}]},{\"@type\":\"BreadcrumbList\",\"@id\":\"\/web\/2024\/10\/08\/laura-pompeo\/#breadcrumb\",\"itemListElement\":[{\"@type\":\"ListItem\",\"position\":1,\"name\":\"Home\",\"item\":\"\/web\/\"},{\"@type\":\"ListItem\",\"position\":2,\"name\":\"Laura Pompeo\"}]},{\"@type\":\"WebSite\",\"@id\":\"\/web\/#website\",\"url\":\"\/web\/\",\"name\":\"Partito Democratico\",\"description\":\"\",\"potentialAction\":[{\"@type\":\"SearchAction\",\"target\":{\"@type\":\"EntryPoint\",\"urlTemplate\":\"\/web\/?s={search_term_string}\"},\"query-input\":\"required name=search_term_string\"}],\"inLanguage\":\"it-IT\"},{\"@type\":\"Person\",\"@id\":\"\/web\/#\/schema\/person\/e3213afc750e7648b3ad0561ab389690\",\"name\":\"mastrodicasa\",\"image\":{\"@type\":\"ImageObject\",\"inLanguage\":\"it-IT\",\"@id\":\"\/web\/#\/schema\/person\/image\/\",\"url\":\"http:\/\/0.gravatar.com\/avatar\/3193e7cdcf94bcc77fa1c5b0cf49f5f6?s=96&d=mm&r=g\",\"contentUrl\":\"http:\/\/0.gravatar.com\/avatar\/3193e7cdcf94bcc77fa1c5b0cf49f5f6?s=96&d=mm&r=g\",\"caption\":\"mastrodicasa\"},\"url\":\"\/web\/author\/mastrodicasa\/\"}]}<\/script>\n<!-- \/ Yoast SEO plugin. -->","yoast_head_json":{"title":"Laura Pompeo - Partito Democratico","robots":{"index":"index","follow":"follow","max-snippet":"max-snippet:-1","max-image-preview":"max-image-preview:large","max-video-preview":"max-video-preview:-1"},"canonical":"\/web\/2024\/10\/08\/laura-pompeo\/","og_locale":"it_IT","og_type":"article","og_title":"Laura Pompeo - Partito Democratico","og_description":"Nata a Moncalieri (To) il 17 dicembre 1965.Vive a Torino, dopo aver vissuto e lavorato a Venezia e a Genova.Laureata in Lettere classiche con indirizzo Archeologia, ha frequentato la Scuola di specializzazione triennale in Archeologia, la Scuola di specializzazione in Museografia al Politecnico di Torino e il master in Gestione e comunicazione dei Beni culturali [&hellip;]","og_url":"\/web\/2024\/10\/08\/laura-pompeo\/","og_site_name":"Partito Democratico","article_published_time":"2024-10-08T15:31:00+00:00","article_modified_time":"2024-10-08T15:31:16+00:00","author":"mastrodicasa","twitter_misc":{"Scritto da":"mastrodicasa","Tempo di lettura stimato":"2 minuti"},"schema":{"@context":"https:\/\/schema.org","@graph":[{"@type":"WebPage","@id":"\/web\/2024\/10\/08\/laura-pompeo\/","url":"\/web\/2024\/10\/08\/laura-pompeo\/","name":"Laura Pompeo - Partito Democratico","isPartOf":{"@id":"\/web\/#website"},"datePublished":"2024-10-08T15:31:00+00:00","dateModified":"2024-10-08T15:31:16+00:00","author":{"@id":"\/web\/#\/schema\/person\/e3213afc750e7648b3ad0561ab389690"},"breadcrumb":{"@id":"\/web\/2024\/10\/08\/laura-pompeo\/#breadcrumb"},"inLanguage":"it-IT","potentialAction":[{"@type":"ReadAction","target":["\/web\/2024\/10\/08\/laura-pompeo\/"]}]},{"@type":"BreadcrumbList","@id":"\/web\/2024\/10\/08\/laura-pompeo\/#breadcrumb","itemListElement":[{"@type":"ListItem","position":1,"name":"Home","item":"\/web\/"},{"@type":"ListItem","position":2,"name":"Laura Pompeo"}]},{"@type":"WebSite","@id":"\/web\/#website","url":"\/web\/","name":"Partito Democratico","description":"","potentialAction":[{"@type":"SearchAction","target":{"@type":"EntryPoint","urlTemplate":"\/web\/?s={search_term_string}"},"query-input":"required name=search_term_string"}],"inLanguage":"it-IT"},{"@type":"Person","@id":"\/web\/#\/schema\/person\/e3213afc750e7648b3ad0561ab389690","name":"mastrodicasa","image":{"@type":"ImageObject","inLanguage":"it-IT","@id":"\/web\/#\/schema\/person\/image\/","url":"http:\/\/0.gravatar.com\/avatar\/3193e7cdcf94bcc77fa1c5b0cf49f5f6?s=96&d=mm&r=g","contentUrl":"http:\/\/0.gravatar.com\/avatar\/3193e7cdcf94bcc77fa1c5b0cf49f5f6?s=96&d=mm&r=g","caption":"mastrodicasa"},"url":"\/web\/author\/mastrodicasa\/"}]}},"_links":{"self":[{"href":"\/web\/wp-json\/wp\/v2\/posts\/3202"}],"collection":[{"href":"\/web\/wp-json\/wp\/v2\/posts"}],"about":[{"href":"\/web\/wp-json\/wp\/v2\/types\/post"}],"author":[{"embeddable":true,"href":"\/web\/wp-json\/wp\/v2\/users\/58"}],"replies":[{"embeddable":true,"href":"\/web\/wp-json\/wp\/v2\/comments?post=3202"}],"version-history":[{"count":1,"href":"\/web\/wp-json\/wp\/v2\/posts\/3202\/revisions"}],"predecessor-version":[{"id":3204,"href":"\/web\/wp-json\/wp\/v2\/posts\/3202\/revisions\/3204"}],"wp:attachment":[{"href":"\/web\/wp-json\/wp\/v2\/media?parent=3202"}],"wp:term":[{"taxonomy":"category","embeddable":true,"href":"\/web\/wp-json\/wp\/v2\/categories?post=3202"},{"taxonomy":"post_tag","embeddable":true,"href":"\/web\/wp-json\/wp\/v2\/tags?post=3202"}],"curies":[{"name":"wp","href":"https:\/\/api.w.org\/{rel}","templated":true}]}}