{"id":320,"date":"2015-02-16T12:29:56","date_gmt":"2015-02-16T11:29:56","guid":{"rendered":"\/web\/?p=320"},"modified":"2025-04-28T17:45:10","modified_gmt":"2025-04-28T15:45:10","slug":"accessibilita","status":"publish","type":"post","link":"\/web\/2015\/02\/16\/accessibilita\/","title":{"rendered":"Accessibilit\u00e0"},"content":{"rendered":"<p>Il gruppo consiliare Partito Democratico del Piemonte ha prestato attenzione all\u2019accessibilit\u00e0 delle pagine da parte di utenti con disabilit\u00e0 secondo quanto stabilito dalle norme e direttive in materia di accessibilit\u00e0 agli strumenti informativi da parte di utenti diversamente abili.<\/p>\n<p>Sono stati recepiti e applicati i punti di controllo della Verifica Tecnica definiti dalla Legge del 9 gennaio 2004 n\u00b04 \u201cDisposizioni per favorire l\u2019accesso dei soggetti disabili agli strumenti informatici\u201d, nota come Legge Stanca, che recepisce a sua volta le indicazioni dell\u2019organismo internazionale W3C (World Wide Web Consortium).<\/p>\n<p>Le pagine sono sviluppate utilizzando tecnologie che permettono la separazione tra contenuto e impaginazione di un documento, consentendone una fruizione pi\u00f9 efficace, indipendentemente dal dispositivo tecnologico adottato e nella maniera pi\u00f9 flessibile rispetto ai diversi dispositivi. Disabilitando i fogli di stile, viene visualizzata la versione testuale della pagina; inoltre, utilizzando uno smartphone o un tablet, l\u2019aspetto grafico del sito viene automaticamente adattato alle ridotte dimensioni dello schermo, secondo le recenti tecniche del responsive design.<\/p>\n","protected":false},"excerpt":{"rendered":"<p>Il gruppo consiliare Partito Democratico del Piemonte ha prestato attenzione all\u2019accessibilit\u00e0 delle pagine da parte di utenti con disabilit\u00e0 secondo quanto stabilito dalle norme e direttive in materia di accessibilit\u00e0 agli strumenti informativi da parte di utenti diversamente abili. Sono stati recepiti e applicati i punti di controllo della Verifica Tecnica definiti dalla Legge del [&hellip;]<\/p>\n","protected":false},"author":1,"featured_media":0,"comment_status":"closed","ping_status":"closed","sticky":false,"template":"","format":"standard","meta":[],"categories":[67],"tags":[],"yoast_head":"<!-- This site is optimized with the Yoast SEO plugin v19.12 - https:\/\/yoast.com\/wordpress\/plugins\/seo\/ -->\n<title>Accessibilit\u00e0 - Partito Democratico<\/title>\n<meta name=\"robots\" content=\"index, follow, max-snippet:-1, max-image-preview:large, max-video-preview:-1\" \/>\n<link rel=\"canonical\" href=\"\/web\/2015\/02\/16\/accessibilita\/\" \/>\n<meta property=\"og:locale\" content=\"it_IT\" \/>\n<meta property=\"og:type\" content=\"article\" \/>\n<meta property=\"og:title\" content=\"Accessibilit\u00e0 - Partito Democratico\" \/>\n<meta property=\"og:description\" content=\"Il gruppo consiliare Partito Democratico del Piemonte ha prestato attenzione all\u2019accessibilit\u00e0 delle pagine da parte di utenti con disabilit\u00e0 secondo quanto stabilito dalle norme e direttive in materia di accessibilit\u00e0 agli strumenti informativi da parte di utenti diversamente abili. Sono stati recepiti e applicati i punti di controllo della Verifica Tecnica definiti dalla Legge del [&hellip;]\" \/>\n<meta property=\"og:url\" content=\"\/web\/2015\/02\/16\/accessibilita\/\" \/>\n<meta property=\"og:site_name\" content=\"Partito Democratico\" \/>\n<meta property=\"article:published_time\" content=\"2015-02-16T11:29:56+00:00\" \/>\n<meta property=\"article:modified_time\" content=\"2025-04-28T15:45:10+00:00\" \/>\n<meta name=\"author\" content=\"admin\" \/>\n<meta name=\"twitter:label1\" content=\"Scritto da\" \/>\n\t<meta name=\"twitter:data1\" content=\"admin\" \/>\n\t<meta name=\"twitter:label2\" content=\"Tempo di lettura stimato\" \/>\n\t<meta name=\"twitter:data2\" content=\"1 minuto\" \/>\n<script type=\"application\/ld+json\" class=\"yoast-schema-graph\">{\"@context\":\"https:\/\/schema.org\",\"@graph\":[{\"@type\":\"WebPage\",\"@id\":\"\/web\/2015\/02\/16\/accessibilita\/\",\"url\":\"\/web\/2015\/02\/16\/accessibilita\/\",\"name\":\"Accessibilit\u00e0 - Partito Democratico\",\"isPartOf\":{\"@id\":\"\/web\/#website\"},\"datePublished\":\"2015-02-16T11:29:56+00:00\",\"dateModified\":\"2025-04-28T15:45:10+00:00\",\"author\":{\"@id\":\"\/web\/#\/schema\/person\/287bab029f1fdb491d638a2782df42e6\"},\"breadcrumb\":{\"@id\":\"\/web\/2015\/02\/16\/accessibilita\/#breadcrumb\"},\"inLanguage\":\"it-IT\",\"potentialAction\":[{\"@type\":\"ReadAction\",\"target\":[\"\/web\/2015\/02\/16\/accessibilita\/\"]}]},{\"@type\":\"BreadcrumbList\",\"@id\":\"\/web\/2015\/02\/16\/accessibilita\/#breadcrumb\",\"itemListElement\":[{\"@type\":\"ListItem\",\"position\":1,\"name\":\"Home\",\"item\":\"\/web\/\"},{\"@type\":\"ListItem\",\"position\":2,\"name\":\"Accessibilit\u00e0\"}]},{\"@type\":\"WebSite\",\"@id\":\"\/web\/#website\",\"url\":\"\/web\/\",\"name\":\"Partito Democratico\",\"description\":\"\",\"potentialAction\":[{\"@type\":\"SearchAction\",\"target\":{\"@type\":\"EntryPoint\",\"urlTemplate\":\"\/web\/?s={search_term_string}\"},\"query-input\":\"required name=search_term_string\"}],\"inLanguage\":\"it-IT\"},{\"@type\":\"Person\",\"@id\":\"\/web\/#\/schema\/person\/287bab029f1fdb491d638a2782df42e6\",\"name\":\"admin\",\"image\":{\"@type\":\"ImageObject\",\"inLanguage\":\"it-IT\",\"@id\":\"\/web\/#\/schema\/person\/image\/\",\"url\":\"http:\/\/2.gravatar.com\/avatar\/e00424dc12fb698082a3001e9751f32c?s=96&d=mm&r=g\",\"contentUrl\":\"http:\/\/2.gravatar.com\/avatar\/e00424dc12fb698082a3001e9751f32c?s=96&d=mm&r=g\",\"caption\":\"admin\"},\"url\":\"\/web\/author\/admin\/\"}]}<\/script>\n<!-- \/ Yoast SEO plugin. -->","yoast_head_json":{"title":"Accessibilit\u00e0 - Partito Democratico","robots":{"index":"index","follow":"follow","max-snippet":"max-snippet:-1","max-image-preview":"max-image-preview:large","max-video-preview":"max-video-preview:-1"},"canonical":"\/web\/2015\/02\/16\/accessibilita\/","og_locale":"it_IT","og_type":"article","og_title":"Accessibilit\u00e0 - Partito Democratico","og_description":"Il gruppo consiliare Partito Democratico del Piemonte ha prestato attenzione all\u2019accessibilit\u00e0 delle pagine da parte di utenti con disabilit\u00e0 secondo quanto stabilito dalle norme e direttive in materia di accessibilit\u00e0 agli strumenti informativi da parte di utenti diversamente abili. Sono stati recepiti e applicati i punti di controllo della Verifica Tecnica definiti dalla Legge del [&hellip;]","og_url":"\/web\/2015\/02\/16\/accessibilita\/","og_site_name":"Partito Democratico","article_published_time":"2015-02-16T11:29:56+00:00","article_modified_time":"2025-04-28T15:45:10+00:00","author":"admin","twitter_misc":{"Scritto da":"admin","Tempo di lettura stimato":"1 minuto"},"schema":{"@context":"https:\/\/schema.org","@graph":[{"@type":"WebPage","@id":"\/web\/2015\/02\/16\/accessibilita\/","url":"\/web\/2015\/02\/16\/accessibilita\/","name":"Accessibilit\u00e0 - Partito Democratico","isPartOf":{"@id":"\/web\/#website"},"datePublished":"2015-02-16T11:29:56+00:00","dateModified":"2025-04-28T15:45:10+00:00","author":{"@id":"\/web\/#\/schema\/person\/287bab029f1fdb491d638a2782df42e6"},"breadcrumb":{"@id":"\/web\/2015\/02\/16\/accessibilita\/#breadcrumb"},"inLanguage":"it-IT","potentialAction":[{"@type":"ReadAction","target":["\/web\/2015\/02\/16\/accessibilita\/"]}]},{"@type":"BreadcrumbList","@id":"\/web\/2015\/02\/16\/accessibilita\/#breadcrumb","itemListElement":[{"@type":"ListItem","position":1,"name":"Home","item":"\/web\/"},{"@type":"ListItem","position":2,"name":"Accessibilit\u00e0"}]},{"@type":"WebSite","@id":"\/web\/#website","url":"\/web\/","name":"Partito Democratico","description":"","potentialAction":[{"@type":"SearchAction","target":{"@type":"EntryPoint","urlTemplate":"\/web\/?s={search_term_string}"},"query-input":"required name=search_term_string"}],"inLanguage":"it-IT"},{"@type":"Person","@id":"\/web\/#\/schema\/person\/287bab029f1fdb491d638a2782df42e6","name":"admin","image":{"@type":"ImageObject","inLanguage":"it-IT","@id":"\/web\/#\/schema\/person\/image\/","url":"http:\/\/2.gravatar.com\/avatar\/e00424dc12fb698082a3001e9751f32c?s=96&d=mm&r=g","contentUrl":"http:\/\/2.gravatar.com\/avatar\/e00424dc12fb698082a3001e9751f32c?s=96&d=mm&r=g","caption":"admin"},"url":"\/web\/author\/admin\/"}]}},"_links":{"self":[{"href":"\/web\/wp-json\/wp\/v2\/posts\/320"}],"collection":[{"href":"\/web\/wp-json\/wp\/v2\/posts"}],"about":[{"href":"\/web\/wp-json\/wp\/v2\/types\/post"}],"author":[{"embeddable":true,"href":"\/web\/wp-json\/wp\/v2\/users\/1"}],"replies":[{"embeddable":true,"href":"\/web\/wp-json\/wp\/v2\/comments?post=320"}],"version-history":[{"count":1,"href":"\/web\/wp-json\/wp\/v2\/posts\/320\/revisions"}],"predecessor-version":[{"id":324,"href":"\/web\/wp-json\/wp\/v2\/posts\/320\/revisions\/324"}],"wp:attachment":[{"href":"\/web\/wp-json\/wp\/v2\/media?parent=320"}],"wp:term":[{"taxonomy":"category","embeddable":true,"href":"\/web\/wp-json\/wp\/v2\/categories?post=320"},{"taxonomy":"post_tag","embeddable":true,"href":"\/web\/wp-json\/wp\/v2\/tags?post=320"}],"curies":[{"name":"wp","href":"https:\/\/api.w.org\/{rel}","templated":true}]}}