{"id":1937,"date":"2019-07-23T15:45:48","date_gmt":"2019-07-23T13:45:48","guid":{"rendered":"\/web\/?p=1937"},"modified":"2019-07-23T15:45:51","modified_gmt":"2019-07-23T13:45:51","slug":"daniele-valle-2","status":"publish","type":"post","link":"\/web\/2019\/07\/23\/daniele-valle-2\/","title":{"rendered":"Daniele Valle"},"content":{"rendered":"\n<div class=\"wp-block-image\"><figure class=\"alignleft\"><img decoding=\"async\" loading=\"lazy\" width=\"200\" height=\"300\" src=\"\/web\/wp-content\/uploads\/sites\/8\/2019\/07\/Valle-Daniele.jpg\" alt=\"\" class=\"wp-image-1938\" \/><figcaption>Valle Daniele<\/figcaption><\/figure><\/div>\n\n\n\n<p> Nato a Carmagnola (To) il 18 ottobre 1983.<br>Sposato con tre figli. Dopo la maturit\u00e0 al Liceo classico Cavour di Torino, ha conseguito la laurea triennale in Studi internazionali e la laurea specialistica in Giurisprudenza. Dall\u2019ottobre 2011 \u00e8 abilitato alla professione forense.<br>Nel 2006 \u00e8 stato eletto consigliere della III Circoscrizione di Torino, San Paolo Cenisia Pozzo Strada CitTurin, dove ha ricoperto l\u2019incarico di coordinatore al Commercio e al Lavoro.\u00a0<br>Nel 2011 \u00e8 stato eletto presidente della III Circoscrizione. Ha partecipato alla fondazione del Partito Democratico, diventando il primo segretario provinciale dei Giovani Democratici, e in seguito vicesegretario provinciale del Partito Democratico.<br>Da sempre impegnato in attivit\u00e0 educative presso la Parrocchia Ges\u00f9 Nazareno di Torino.<br>Nelle elezioni del 2014 \u00e8 stato eletto per la prima volta in Consiglio regionale (quota proporzionale) nella circoscrizione di Torino con 4.871 preferenze e ha successivamente svolto il ruolo di presidente della VI Commissione consiliare.<br>Nelle elezioni del 2019 \u00e8 stato riconfermato in Consiglio regionale (quota proporzionale) nella circoscrizione di Torino con 6.953 preferenze. <\/p>\n\n\n\n<p><strong><a href=\"http:\/\/www.cr.piemonte.it\/aconsfo\/?codConsigliere=10169&amp;numLegislatura=11\">Approfondisci la sua attivit\u00e0 in Consiglio regionale<\/a><\/strong><\/p>\n","protected":false},"excerpt":{"rendered":"<p>Nato a Carmagnola (To) il 18 ottobre 1983.Sposato con tre figli. Dopo la maturit\u00e0 al Liceo classico Cavour di Torino, ha conseguito la laurea triennale in Studi internazionali e la laurea specialistica in Giurisprudenza. Dall\u2019ottobre 2011 \u00e8 abilitato alla professione forense.Nel 2006 \u00e8 stato eletto consigliere della III Circoscrizione di Torino, San Paolo Cenisia Pozzo [&hellip;]<\/p>\n","protected":false},"author":58,"featured_media":0,"comment_status":"closed","ping_status":"closed","sticky":false,"template":"","format":"standard","meta":[],"categories":[2],"tags":[46],"yoast_head":"<!-- This site is optimized with the Yoast SEO plugin v19.12 - https:\/\/yoast.com\/wordpress\/plugins\/seo\/ -->\n<title>Daniele Valle - Partito Democratico<\/title>\n<meta name=\"robots\" content=\"index, follow, max-snippet:-1, max-image-preview:large, max-video-preview:-1\" \/>\n<link rel=\"canonical\" href=\"\/web\/2019\/07\/23\/daniele-valle-2\/\" \/>\n<meta property=\"og:locale\" content=\"it_IT\" \/>\n<meta property=\"og:type\" content=\"article\" \/>\n<meta property=\"og:title\" content=\"Daniele Valle - Partito Democratico\" \/>\n<meta property=\"og:description\" content=\"Nato a Carmagnola (To) il 18 ottobre 1983.Sposato con tre figli. Dopo la maturit\u00e0 al Liceo classico Cavour di Torino, ha conseguito la laurea triennale in Studi internazionali e la laurea specialistica in Giurisprudenza. Dall\u2019ottobre 2011 \u00e8 abilitato alla professione forense.Nel 2006 \u00e8 stato eletto consigliere della III Circoscrizione di Torino, San Paolo Cenisia Pozzo [&hellip;]\" \/>\n<meta property=\"og:url\" content=\"\/web\/2019\/07\/23\/daniele-valle-2\/\" \/>\n<meta property=\"og:site_name\" content=\"Partito Democratico\" \/>\n<meta property=\"article:published_time\" content=\"2019-07-23T13:45:48+00:00\" \/>\n<meta property=\"article:modified_time\" content=\"2019-07-23T13:45:51+00:00\" \/>\n<meta name=\"author\" content=\"mastrodicasa\" \/>\n<meta name=\"twitter:label1\" content=\"Scritto da\" \/>\n\t<meta name=\"twitter:data1\" content=\"mastrodicasa\" \/>\n\t<meta name=\"twitter:label2\" content=\"Tempo di lettura stimato\" \/>\n\t<meta name=\"twitter:data2\" content=\"1 minuto\" \/>\n<script type=\"application\/ld+json\" class=\"yoast-schema-graph\">{\"@context\":\"https:\/\/schema.org\",\"@graph\":[{\"@type\":\"WebPage\",\"@id\":\"\/web\/2019\/07\/23\/daniele-valle-2\/\",\"url\":\"\/web\/2019\/07\/23\/daniele-valle-2\/\",\"name\":\"Daniele Valle - Partito Democratico\",\"isPartOf\":{\"@id\":\"\/web\/#website\"},\"datePublished\":\"2019-07-23T13:45:48+00:00\",\"dateModified\":\"2019-07-23T13:45:51+00:00\",\"author\":{\"@id\":\"\/web\/#\/schema\/person\/e3213afc750e7648b3ad0561ab389690\"},\"breadcrumb\":{\"@id\":\"\/web\/2019\/07\/23\/daniele-valle-2\/#breadcrumb\"},\"inLanguage\":\"it-IT\",\"potentialAction\":[{\"@type\":\"ReadAction\",\"target\":[\"\/web\/2019\/07\/23\/daniele-valle-2\/\"]}]},{\"@type\":\"BreadcrumbList\",\"@id\":\"\/web\/2019\/07\/23\/daniele-valle-2\/#breadcrumb\",\"itemListElement\":[{\"@type\":\"ListItem\",\"position\":1,\"name\":\"Home\",\"item\":\"\/web\/\"},{\"@type\":\"ListItem\",\"position\":2,\"name\":\"Daniele Valle\"}]},{\"@type\":\"WebSite\",\"@id\":\"\/web\/#website\",\"url\":\"\/web\/\",\"name\":\"Partito Democratico\",\"description\":\"\",\"potentialAction\":[{\"@type\":\"SearchAction\",\"target\":{\"@type\":\"EntryPoint\",\"urlTemplate\":\"\/web\/?s={search_term_string}\"},\"query-input\":\"required name=search_term_string\"}],\"inLanguage\":\"it-IT\"},{\"@type\":\"Person\",\"@id\":\"\/web\/#\/schema\/person\/e3213afc750e7648b3ad0561ab389690\",\"name\":\"mastrodicasa\",\"image\":{\"@type\":\"ImageObject\",\"inLanguage\":\"it-IT\",\"@id\":\"\/web\/#\/schema\/person\/image\/\",\"url\":\"http:\/\/0.gravatar.com\/avatar\/3193e7cdcf94bcc77fa1c5b0cf49f5f6?s=96&d=mm&r=g\",\"contentUrl\":\"http:\/\/0.gravatar.com\/avatar\/3193e7cdcf94bcc77fa1c5b0cf49f5f6?s=96&d=mm&r=g\",\"caption\":\"mastrodicasa\"},\"url\":\"\/web\/author\/mastrodicasa\/\"}]}<\/script>\n<!-- \/ Yoast SEO plugin. -->","yoast_head_json":{"title":"Daniele Valle - Partito Democratico","robots":{"index":"index","follow":"follow","max-snippet":"max-snippet:-1","max-image-preview":"max-image-preview:large","max-video-preview":"max-video-preview:-1"},"canonical":"\/web\/2019\/07\/23\/daniele-valle-2\/","og_locale":"it_IT","og_type":"article","og_title":"Daniele Valle - Partito Democratico","og_description":"Nato a Carmagnola (To) il 18 ottobre 1983.Sposato con tre figli. Dopo la maturit\u00e0 al Liceo classico Cavour di Torino, ha conseguito la laurea triennale in Studi internazionali e la laurea specialistica in Giurisprudenza. Dall\u2019ottobre 2011 \u00e8 abilitato alla professione forense.Nel 2006 \u00e8 stato eletto consigliere della III Circoscrizione di Torino, San Paolo Cenisia Pozzo [&hellip;]","og_url":"\/web\/2019\/07\/23\/daniele-valle-2\/","og_site_name":"Partito Democratico","article_published_time":"2019-07-23T13:45:48+00:00","article_modified_time":"2019-07-23T13:45:51+00:00","author":"mastrodicasa","twitter_misc":{"Scritto da":"mastrodicasa","Tempo di lettura stimato":"1 minuto"},"schema":{"@context":"https:\/\/schema.org","@graph":[{"@type":"WebPage","@id":"\/web\/2019\/07\/23\/daniele-valle-2\/","url":"\/web\/2019\/07\/23\/daniele-valle-2\/","name":"Daniele Valle - Partito Democratico","isPartOf":{"@id":"\/web\/#website"},"datePublished":"2019-07-23T13:45:48+00:00","dateModified":"2019-07-23T13:45:51+00:00","author":{"@id":"\/web\/#\/schema\/person\/e3213afc750e7648b3ad0561ab389690"},"breadcrumb":{"@id":"\/web\/2019\/07\/23\/daniele-valle-2\/#breadcrumb"},"inLanguage":"it-IT","potentialAction":[{"@type":"ReadAction","target":["\/web\/2019\/07\/23\/daniele-valle-2\/"]}]},{"@type":"BreadcrumbList","@id":"\/web\/2019\/07\/23\/daniele-valle-2\/#breadcrumb","itemListElement":[{"@type":"ListItem","position":1,"name":"Home","item":"\/web\/"},{"@type":"ListItem","position":2,"name":"Daniele Valle"}]},{"@type":"WebSite","@id":"\/web\/#website","url":"\/web\/","name":"Partito Democratico","description":"","potentialAction":[{"@type":"SearchAction","target":{"@type":"EntryPoint","urlTemplate":"\/web\/?s={search_term_string}"},"query-input":"required name=search_term_string"}],"inLanguage":"it-IT"},{"@type":"Person","@id":"\/web\/#\/schema\/person\/e3213afc750e7648b3ad0561ab389690","name":"mastrodicasa","image":{"@type":"ImageObject","inLanguage":"it-IT","@id":"\/web\/#\/schema\/person\/image\/","url":"http:\/\/0.gravatar.com\/avatar\/3193e7cdcf94bcc77fa1c5b0cf49f5f6?s=96&d=mm&r=g","contentUrl":"http:\/\/0.gravatar.com\/avatar\/3193e7cdcf94bcc77fa1c5b0cf49f5f6?s=96&d=mm&r=g","caption":"mastrodicasa"},"url":"\/web\/author\/mastrodicasa\/"}]}},"_links":{"self":[{"href":"\/web\/wp-json\/wp\/v2\/posts\/1937"}],"collection":[{"href":"\/web\/wp-json\/wp\/v2\/posts"}],"about":[{"href":"\/web\/wp-json\/wp\/v2\/types\/post"}],"author":[{"embeddable":true,"href":"\/web\/wp-json\/wp\/v2\/users\/58"}],"replies":[{"embeddable":true,"href":"\/web\/wp-json\/wp\/v2\/comments?post=1937"}],"version-history":[{"count":1,"href":"\/web\/wp-json\/wp\/v2\/posts\/1937\/revisions"}],"predecessor-version":[{"id":1939,"href":"\/web\/wp-json\/wp\/v2\/posts\/1937\/revisions\/1939"}],"wp:attachment":[{"href":"\/web\/wp-json\/wp\/v2\/media?parent=1937"}],"wp:term":[{"taxonomy":"category","embeddable":true,"href":"\/web\/wp-json\/wp\/v2\/categories?post=1937"},{"taxonomy":"post_tag","embeddable":true,"href":"\/web\/wp-json\/wp\/v2\/tags?post=1937"}],"curies":[{"name":"wp","href":"https:\/\/api.w.org\/{rel}","templated":true}]}}