{"id":1929,"date":"2019-07-23T15:40:18","date_gmt":"2019-07-23T13:40:18","guid":{"rendered":"\/web\/?p=1929"},"modified":"2019-07-23T15:50:51","modified_gmt":"2019-07-23T13:50:51","slug":"mauro-salizzoni","status":"publish","type":"post","link":"\/web\/2019\/07\/23\/mauro-salizzoni\/","title":{"rendered":"Mauro Salizzoni"},"content":{"rendered":"\n<div class=\"wp-block-image\"><figure class=\"alignleft\"><img decoding=\"async\" loading=\"lazy\" width=\"200\" height=\"300\" src=\"\/web\/wp-content\/uploads\/sites\/8\/2019\/07\/Salizzoni-Mauro.jpg\" alt=\"\" class=\"wp-image-1930\" \/><figcaption>Salizzoni Mauro<\/figcaption><\/figure><\/div>\n\n\n\n<p>Nato il 14 aprile 1948 ad Ivrea (TO).<br>Laureato in Medicina e Chirurgia, specializzato in Chirurgia generale e toraco-polmonare. Dal 1975 al 2018 ha lavorato presso la Citt\u00e0 della salute di Torino. Dal 1990 ha diretto il Centro Trapianto di Fegato e dal 1993 il reparto di Chirurgia generale 2. Dal 2006 \u00e8 stato Professore Ordinario di Chirurgia Generale presso l\u2019Universit\u00e0 di Torino. \u00c8 stato componente del Consiglio Superiore di Sanit\u00e0. \u00c8 stato responsabile della Commissione antidoping della Federazione Ciclistica italiana e componente di quella ministeriale.<br>Nel 2018 \u00e8 stato eletto nel Consiglio comunale di Ivrea come indipendente nella lista del Partito Democratico.<br>Nelle elezioni del 2019 \u00e8 stato eletto per la prima volta in Consiglio regionale nella quota proporzionale, come indipendente nella lista del Partito democratico, nella circoscrizione di Torino con 18.095 voti di preferenza.<\/p>\n\n\n\n<p><a href=\"http:\/\/www.cr.piemonte.it\/aconsfo\/?codConsigliere=10468&amp;numLegislatura=11\"><strong>Approfondisci la sua attivit\u00e0 in Consiglio regionale<\/strong><\/a><\/p>\n","protected":false},"excerpt":{"rendered":"<p>Nato il 14 aprile 1948 ad Ivrea (TO).Laureato in Medicina e Chirurgia, specializzato in Chirurgia generale e toraco-polmonare. Dal 1975 al 2018 ha lavorato presso la Citt\u00e0 della salute di Torino. Dal 1990 ha diretto il Centro Trapianto di Fegato e dal 1993 il reparto di Chirurgia generale 2. Dal 2006 \u00e8 stato Professore Ordinario [&hellip;]<\/p>\n","protected":false},"author":58,"featured_media":0,"comment_status":"closed","ping_status":"closed","sticky":false,"template":"","format":"standard","meta":[],"categories":[2],"tags":[74],"yoast_head":"<!-- This site is optimized with the Yoast SEO plugin v19.12 - https:\/\/yoast.com\/wordpress\/plugins\/seo\/ -->\n<title>Mauro Salizzoni - Partito Democratico<\/title>\n<meta name=\"robots\" content=\"index, follow, max-snippet:-1, max-image-preview:large, max-video-preview:-1\" \/>\n<link rel=\"canonical\" href=\"\/web\/2019\/07\/23\/mauro-salizzoni\/\" \/>\n<meta property=\"og:locale\" content=\"it_IT\" \/>\n<meta property=\"og:type\" content=\"article\" \/>\n<meta property=\"og:title\" content=\"Mauro Salizzoni - Partito Democratico\" \/>\n<meta property=\"og:description\" content=\"Nato il 14 aprile 1948 ad Ivrea (TO).Laureato in Medicina e Chirurgia, specializzato in Chirurgia generale e toraco-polmonare. Dal 1975 al 2018 ha lavorato presso la Citt\u00e0 della salute di Torino. Dal 1990 ha diretto il Centro Trapianto di Fegato e dal 1993 il reparto di Chirurgia generale 2. Dal 2006 \u00e8 stato Professore Ordinario [&hellip;]\" \/>\n<meta property=\"og:url\" content=\"\/web\/2019\/07\/23\/mauro-salizzoni\/\" \/>\n<meta property=\"og:site_name\" content=\"Partito Democratico\" \/>\n<meta property=\"article:published_time\" content=\"2019-07-23T13:40:18+00:00\" \/>\n<meta property=\"article:modified_time\" content=\"2019-07-23T13:50:51+00:00\" \/>\n<meta name=\"author\" content=\"mastrodicasa\" \/>\n<meta name=\"twitter:label1\" content=\"Scritto da\" \/>\n\t<meta name=\"twitter:data1\" content=\"mastrodicasa\" \/>\n\t<meta name=\"twitter:label2\" content=\"Tempo di lettura stimato\" \/>\n\t<meta name=\"twitter:data2\" content=\"1 minuto\" \/>\n<script type=\"application\/ld+json\" class=\"yoast-schema-graph\">{\"@context\":\"https:\/\/schema.org\",\"@graph\":[{\"@type\":\"WebPage\",\"@id\":\"\/web\/2019\/07\/23\/mauro-salizzoni\/\",\"url\":\"\/web\/2019\/07\/23\/mauro-salizzoni\/\",\"name\":\"Mauro Salizzoni - Partito Democratico\",\"isPartOf\":{\"@id\":\"\/web\/#website\"},\"datePublished\":\"2019-07-23T13:40:18+00:00\",\"dateModified\":\"2019-07-23T13:50:51+00:00\",\"author\":{\"@id\":\"\/web\/#\/schema\/person\/e3213afc750e7648b3ad0561ab389690\"},\"breadcrumb\":{\"@id\":\"\/web\/2019\/07\/23\/mauro-salizzoni\/#breadcrumb\"},\"inLanguage\":\"it-IT\",\"potentialAction\":[{\"@type\":\"ReadAction\",\"target\":[\"\/web\/2019\/07\/23\/mauro-salizzoni\/\"]}]},{\"@type\":\"BreadcrumbList\",\"@id\":\"\/web\/2019\/07\/23\/mauro-salizzoni\/#breadcrumb\",\"itemListElement\":[{\"@type\":\"ListItem\",\"position\":1,\"name\":\"Home\",\"item\":\"\/web\/\"},{\"@type\":\"ListItem\",\"position\":2,\"name\":\"Mauro Salizzoni\"}]},{\"@type\":\"WebSite\",\"@id\":\"\/web\/#website\",\"url\":\"\/web\/\",\"name\":\"Partito Democratico\",\"description\":\"\",\"potentialAction\":[{\"@type\":\"SearchAction\",\"target\":{\"@type\":\"EntryPoint\",\"urlTemplate\":\"\/web\/?s={search_term_string}\"},\"query-input\":\"required name=search_term_string\"}],\"inLanguage\":\"it-IT\"},{\"@type\":\"Person\",\"@id\":\"\/web\/#\/schema\/person\/e3213afc750e7648b3ad0561ab389690\",\"name\":\"mastrodicasa\",\"image\":{\"@type\":\"ImageObject\",\"inLanguage\":\"it-IT\",\"@id\":\"\/web\/#\/schema\/person\/image\/\",\"url\":\"http:\/\/0.gravatar.com\/avatar\/3193e7cdcf94bcc77fa1c5b0cf49f5f6?s=96&d=mm&r=g\",\"contentUrl\":\"http:\/\/0.gravatar.com\/avatar\/3193e7cdcf94bcc77fa1c5b0cf49f5f6?s=96&d=mm&r=g\",\"caption\":\"mastrodicasa\"},\"url\":\"\/web\/author\/mastrodicasa\/\"}]}<\/script>\n<!-- \/ Yoast SEO plugin. -->","yoast_head_json":{"title":"Mauro Salizzoni - Partito Democratico","robots":{"index":"index","follow":"follow","max-snippet":"max-snippet:-1","max-image-preview":"max-image-preview:large","max-video-preview":"max-video-preview:-1"},"canonical":"\/web\/2019\/07\/23\/mauro-salizzoni\/","og_locale":"it_IT","og_type":"article","og_title":"Mauro Salizzoni - Partito Democratico","og_description":"Nato il 14 aprile 1948 ad Ivrea (TO).Laureato in Medicina e Chirurgia, specializzato in Chirurgia generale e toraco-polmonare. Dal 1975 al 2018 ha lavorato presso la Citt\u00e0 della salute di Torino. Dal 1990 ha diretto il Centro Trapianto di Fegato e dal 1993 il reparto di Chirurgia generale 2. Dal 2006 \u00e8 stato Professore Ordinario [&hellip;]","og_url":"\/web\/2019\/07\/23\/mauro-salizzoni\/","og_site_name":"Partito Democratico","article_published_time":"2019-07-23T13:40:18+00:00","article_modified_time":"2019-07-23T13:50:51+00:00","author":"mastrodicasa","twitter_misc":{"Scritto da":"mastrodicasa","Tempo di lettura stimato":"1 minuto"},"schema":{"@context":"https:\/\/schema.org","@graph":[{"@type":"WebPage","@id":"\/web\/2019\/07\/23\/mauro-salizzoni\/","url":"\/web\/2019\/07\/23\/mauro-salizzoni\/","name":"Mauro Salizzoni - Partito Democratico","isPartOf":{"@id":"\/web\/#website"},"datePublished":"2019-07-23T13:40:18+00:00","dateModified":"2019-07-23T13:50:51+00:00","author":{"@id":"\/web\/#\/schema\/person\/e3213afc750e7648b3ad0561ab389690"},"breadcrumb":{"@id":"\/web\/2019\/07\/23\/mauro-salizzoni\/#breadcrumb"},"inLanguage":"it-IT","potentialAction":[{"@type":"ReadAction","target":["\/web\/2019\/07\/23\/mauro-salizzoni\/"]}]},{"@type":"BreadcrumbList","@id":"\/web\/2019\/07\/23\/mauro-salizzoni\/#breadcrumb","itemListElement":[{"@type":"ListItem","position":1,"name":"Home","item":"\/web\/"},{"@type":"ListItem","position":2,"name":"Mauro Salizzoni"}]},{"@type":"WebSite","@id":"\/web\/#website","url":"\/web\/","name":"Partito Democratico","description":"","potentialAction":[{"@type":"SearchAction","target":{"@type":"EntryPoint","urlTemplate":"\/web\/?s={search_term_string}"},"query-input":"required name=search_term_string"}],"inLanguage":"it-IT"},{"@type":"Person","@id":"\/web\/#\/schema\/person\/e3213afc750e7648b3ad0561ab389690","name":"mastrodicasa","image":{"@type":"ImageObject","inLanguage":"it-IT","@id":"\/web\/#\/schema\/person\/image\/","url":"http:\/\/0.gravatar.com\/avatar\/3193e7cdcf94bcc77fa1c5b0cf49f5f6?s=96&d=mm&r=g","contentUrl":"http:\/\/0.gravatar.com\/avatar\/3193e7cdcf94bcc77fa1c5b0cf49f5f6?s=96&d=mm&r=g","caption":"mastrodicasa"},"url":"\/web\/author\/mastrodicasa\/"}]}},"_links":{"self":[{"href":"\/web\/wp-json\/wp\/v2\/posts\/1929"}],"collection":[{"href":"\/web\/wp-json\/wp\/v2\/posts"}],"about":[{"href":"\/web\/wp-json\/wp\/v2\/types\/post"}],"author":[{"embeddable":true,"href":"\/web\/wp-json\/wp\/v2\/users\/58"}],"replies":[{"embeddable":true,"href":"\/web\/wp-json\/wp\/v2\/comments?post=1929"}],"version-history":[{"count":1,"href":"\/web\/wp-json\/wp\/v2\/posts\/1929\/revisions"}],"predecessor-version":[{"id":1931,"href":"\/web\/wp-json\/wp\/v2\/posts\/1929\/revisions\/1931"}],"wp:attachment":[{"href":"\/web\/wp-json\/wp\/v2\/media?parent=1929"}],"wp:term":[{"taxonomy":"category","embeddable":true,"href":"\/web\/wp-json\/wp\/v2\/categories?post=1929"},{"taxonomy":"post_tag","embeddable":true,"href":"\/web\/wp-json\/wp\/v2\/tags?post=1929"}],"curies":[{"name":"wp","href":"https:\/\/api.w.org\/{rel}","templated":true}]}}