{"id":1916,"date":"2019-07-23T15:30:50","date_gmt":"2019-07-23T13:30:50","guid":{"rendered":"\/web\/?p=1916"},"modified":"2024-10-08T17:27:41","modified_gmt":"2024-10-08T15:27:41","slug":"mauro-calderoni","status":"publish","type":"post","link":"\/web\/2019\/07\/23\/mauro-calderoni\/","title":{"rendered":"Mauro Calderoni"},"content":{"rendered":"<div class=\"wp-block-image\">\n<figure class=\"alignleft size-full\"><a href=\"\/web\/wp-content\/uploads\/sites\/8\/2024\/10\/image-1.png\"><img decoding=\"async\" loading=\"lazy\" width=\"200\" height=\"300\" src=\"\/web\/wp-content\/uploads\/sites\/8\/2024\/10\/image-1.png\" alt=\"\" class=\"wp-image-3192\" \/><\/a><\/figure><\/div>\n\n\n<p>Nato a Saluzzo (Cn) il 29 luglio 1973.<br>Maturit\u00e0 classica, \u00e8 impiegato presso la sede di Saluzzo della Bper Banca.<br>Ricopre la carica di consigliere comunale della sua citt\u00e0 dal 2001 a 2004; dal 2004 al 2014 ne \u00e8 assessore e dal 2014 al 2024 sindaco.<br>Dal 2014 al 2019 assume il ruolo di vicepresidente di Anci Regione Piemonte. Negli stessi anni diventa anche presidente di Bacino Sud, componente del Cda dell\u2019Agenzia Mobilit\u00e0 Piemonte e presidente della Comunit\u00e0 del Parco delle aree protette del Monviso. Dal 2020 al 2024 \u00e8 presidente dell\u2019Ente di Governo d\u2019Ambito territoriale ottimale 4 Cuneese.<br>\u00c8 segretario provinciale del Pd.<br>Nel 2024 si candida per il Pd nella circoscrizione di Cuneo e viene eletto in Consiglio regionale per la prima volta.<\/p>\n\n\n\n<p><\/p>\n","protected":false},"excerpt":{"rendered":"<p>Nato a Saluzzo (Cn) il 29 luglio 1973.Maturit\u00e0 classica, \u00e8 impiegato presso la sede di Saluzzo della Bper Banca.Ricopre la carica di consigliere comunale della sua citt\u00e0 dal 2001 a 2004; dal 2004 al 2014 ne \u00e8 assessore e dal 2014 al 2024 sindaco.Dal 2014 al 2019 assume il ruolo di vicepresidente di Anci Regione [&hellip;]<\/p>\n","protected":false},"author":58,"featured_media":0,"comment_status":"closed","ping_status":"closed","sticky":false,"template":"","format":"standard","meta":[],"categories":[2],"tags":[90],"yoast_head":"<!-- This site is optimized with the Yoast SEO plugin v19.12 - https:\/\/yoast.com\/wordpress\/plugins\/seo\/ -->\n<title>Mauro Calderoni - Partito Democratico<\/title>\n<meta name=\"robots\" content=\"index, follow, max-snippet:-1, max-image-preview:large, max-video-preview:-1\" \/>\n<link rel=\"canonical\" href=\"\/web\/2019\/07\/23\/mauro-calderoni\/\" \/>\n<meta property=\"og:locale\" content=\"it_IT\" \/>\n<meta property=\"og:type\" content=\"article\" \/>\n<meta property=\"og:title\" content=\"Mauro Calderoni - Partito Democratico\" \/>\n<meta property=\"og:description\" content=\"Nato a Saluzzo (Cn) il 29 luglio 1973.Maturit\u00e0 classica, \u00e8 impiegato presso la sede di Saluzzo della Bper Banca.Ricopre la carica di consigliere comunale della sua citt\u00e0 dal 2001 a 2004; dal 2004 al 2014 ne \u00e8 assessore e dal 2014 al 2024 sindaco.Dal 2014 al 2019 assume il ruolo di vicepresidente di Anci Regione [&hellip;]\" \/>\n<meta property=\"og:url\" content=\"\/web\/2019\/07\/23\/mauro-calderoni\/\" \/>\n<meta property=\"og:site_name\" content=\"Partito Democratico\" \/>\n<meta property=\"article:published_time\" content=\"2019-07-23T13:30:50+00:00\" \/>\n<meta property=\"article:modified_time\" content=\"2024-10-08T15:27:41+00:00\" \/>\n<meta name=\"author\" content=\"mastrodicasa\" \/>\n<meta name=\"twitter:label1\" content=\"Scritto da\" \/>\n\t<meta name=\"twitter:data1\" content=\"mastrodicasa\" \/>\n\t<meta name=\"twitter:label2\" content=\"Tempo di lettura stimato\" \/>\n\t<meta name=\"twitter:data2\" content=\"1 minuto\" \/>\n<script type=\"application\/ld+json\" class=\"yoast-schema-graph\">{\"@context\":\"https:\/\/schema.org\",\"@graph\":[{\"@type\":\"WebPage\",\"@id\":\"\/web\/2019\/07\/23\/mauro-calderoni\/\",\"url\":\"\/web\/2019\/07\/23\/mauro-calderoni\/\",\"name\":\"Mauro Calderoni - Partito Democratico\",\"isPartOf\":{\"@id\":\"\/web\/#website\"},\"datePublished\":\"2019-07-23T13:30:50+00:00\",\"dateModified\":\"2024-10-08T15:27:41+00:00\",\"author\":{\"@id\":\"\/web\/#\/schema\/person\/e3213afc750e7648b3ad0561ab389690\"},\"breadcrumb\":{\"@id\":\"\/web\/2019\/07\/23\/mauro-calderoni\/#breadcrumb\"},\"inLanguage\":\"it-IT\",\"potentialAction\":[{\"@type\":\"ReadAction\",\"target\":[\"\/web\/2019\/07\/23\/mauro-calderoni\/\"]}]},{\"@type\":\"BreadcrumbList\",\"@id\":\"\/web\/2019\/07\/23\/mauro-calderoni\/#breadcrumb\",\"itemListElement\":[{\"@type\":\"ListItem\",\"position\":1,\"name\":\"Home\",\"item\":\"\/web\/\"},{\"@type\":\"ListItem\",\"position\":2,\"name\":\"Mauro Calderoni\"}]},{\"@type\":\"WebSite\",\"@id\":\"\/web\/#website\",\"url\":\"\/web\/\",\"name\":\"Partito Democratico\",\"description\":\"\",\"potentialAction\":[{\"@type\":\"SearchAction\",\"target\":{\"@type\":\"EntryPoint\",\"urlTemplate\":\"\/web\/?s={search_term_string}\"},\"query-input\":\"required name=search_term_string\"}],\"inLanguage\":\"it-IT\"},{\"@type\":\"Person\",\"@id\":\"\/web\/#\/schema\/person\/e3213afc750e7648b3ad0561ab389690\",\"name\":\"mastrodicasa\",\"image\":{\"@type\":\"ImageObject\",\"inLanguage\":\"it-IT\",\"@id\":\"\/web\/#\/schema\/person\/image\/\",\"url\":\"http:\/\/0.gravatar.com\/avatar\/3193e7cdcf94bcc77fa1c5b0cf49f5f6?s=96&d=mm&r=g\",\"contentUrl\":\"http:\/\/0.gravatar.com\/avatar\/3193e7cdcf94bcc77fa1c5b0cf49f5f6?s=96&d=mm&r=g\",\"caption\":\"mastrodicasa\"},\"url\":\"\/web\/author\/mastrodicasa\/\"}]}<\/script>\n<!-- \/ Yoast SEO plugin. -->","yoast_head_json":{"title":"Mauro Calderoni - Partito Democratico","robots":{"index":"index","follow":"follow","max-snippet":"max-snippet:-1","max-image-preview":"max-image-preview:large","max-video-preview":"max-video-preview:-1"},"canonical":"\/web\/2019\/07\/23\/mauro-calderoni\/","og_locale":"it_IT","og_type":"article","og_title":"Mauro Calderoni - Partito Democratico","og_description":"Nato a Saluzzo (Cn) il 29 luglio 1973.Maturit\u00e0 classica, \u00e8 impiegato presso la sede di Saluzzo della Bper Banca.Ricopre la carica di consigliere comunale della sua citt\u00e0 dal 2001 a 2004; dal 2004 al 2014 ne \u00e8 assessore e dal 2014 al 2024 sindaco.Dal 2014 al 2019 assume il ruolo di vicepresidente di Anci Regione [&hellip;]","og_url":"\/web\/2019\/07\/23\/mauro-calderoni\/","og_site_name":"Partito Democratico","article_published_time":"2019-07-23T13:30:50+00:00","article_modified_time":"2024-10-08T15:27:41+00:00","author":"mastrodicasa","twitter_misc":{"Scritto da":"mastrodicasa","Tempo di lettura stimato":"1 minuto"},"schema":{"@context":"https:\/\/schema.org","@graph":[{"@type":"WebPage","@id":"\/web\/2019\/07\/23\/mauro-calderoni\/","url":"\/web\/2019\/07\/23\/mauro-calderoni\/","name":"Mauro Calderoni - Partito Democratico","isPartOf":{"@id":"\/web\/#website"},"datePublished":"2019-07-23T13:30:50+00:00","dateModified":"2024-10-08T15:27:41+00:00","author":{"@id":"\/web\/#\/schema\/person\/e3213afc750e7648b3ad0561ab389690"},"breadcrumb":{"@id":"\/web\/2019\/07\/23\/mauro-calderoni\/#breadcrumb"},"inLanguage":"it-IT","potentialAction":[{"@type":"ReadAction","target":["\/web\/2019\/07\/23\/mauro-calderoni\/"]}]},{"@type":"BreadcrumbList","@id":"\/web\/2019\/07\/23\/mauro-calderoni\/#breadcrumb","itemListElement":[{"@type":"ListItem","position":1,"name":"Home","item":"\/web\/"},{"@type":"ListItem","position":2,"name":"Mauro Calderoni"}]},{"@type":"WebSite","@id":"\/web\/#website","url":"\/web\/","name":"Partito Democratico","description":"","potentialAction":[{"@type":"SearchAction","target":{"@type":"EntryPoint","urlTemplate":"\/web\/?s={search_term_string}"},"query-input":"required name=search_term_string"}],"inLanguage":"it-IT"},{"@type":"Person","@id":"\/web\/#\/schema\/person\/e3213afc750e7648b3ad0561ab389690","name":"mastrodicasa","image":{"@type":"ImageObject","inLanguage":"it-IT","@id":"\/web\/#\/schema\/person\/image\/","url":"http:\/\/0.gravatar.com\/avatar\/3193e7cdcf94bcc77fa1c5b0cf49f5f6?s=96&d=mm&r=g","contentUrl":"http:\/\/0.gravatar.com\/avatar\/3193e7cdcf94bcc77fa1c5b0cf49f5f6?s=96&d=mm&r=g","caption":"mastrodicasa"},"url":"\/web\/author\/mastrodicasa\/"}]}},"_links":{"self":[{"href":"\/web\/wp-json\/wp\/v2\/posts\/1916"}],"collection":[{"href":"\/web\/wp-json\/wp\/v2\/posts"}],"about":[{"href":"\/web\/wp-json\/wp\/v2\/types\/post"}],"author":[{"embeddable":true,"href":"\/web\/wp-json\/wp\/v2\/users\/58"}],"replies":[{"embeddable":true,"href":"\/web\/wp-json\/wp\/v2\/comments?post=1916"}],"version-history":[{"count":2,"href":"\/web\/wp-json\/wp\/v2\/posts\/1916\/revisions"}],"predecessor-version":[{"id":3193,"href":"\/web\/wp-json\/wp\/v2\/posts\/1916\/revisions\/3193"}],"wp:attachment":[{"href":"\/web\/wp-json\/wp\/v2\/media?parent=1916"}],"wp:term":[{"taxonomy":"category","embeddable":true,"href":"\/web\/wp-json\/wp\/v2\/categories?post=1916"},{"taxonomy":"post_tag","embeddable":true,"href":"\/web\/wp-json\/wp\/v2\/tags?post=1916"}],"curies":[{"name":"wp","href":"https:\/\/api.w.org\/{rel}","templated":true}]}}